{"id":9960,"date":"2023-11-17T13:14:45","date_gmt":"2023-11-17T16:14:45","guid":{"rendered":"http:\/\/filo.unt.edu.ar\/noticias\/?p=9960"},"modified":"2023-12-12T01:22:05","modified_gmt":"2023-12-12T04:22:05","slug":"filo-participo-del-39o-plenario-de-anfhe","status":"publish","type":"post","link":"https:\/\/filo.unt.edu.ar\/noticias\/2023\/11\/17\/filo-participo-del-39o-plenario-de-anfhe\/","title":{"rendered":"Filo particip\u00f3 del 39\u00ba Plenario de ANFHE"},"content":{"rendered":"<div class=\"x11i5rnm xat24cr x1mh8g0r x1vvkbs xtlvy1s x126k92a\">\n<p class=\"xdj266r x11i5rnm xat24cr x1mh8g0r x1vvkbs x126k92a\"><span style=\"font-size: revert;color: initial\">Desde el 15 de noviembre y durante tres d\u00edas, se realiz\u00f3, en la Facultad de Filosof\u00eda y Humanidades de la Universidad Nacional de C\u00f3rdoba, la 39\u00b0 Reuni\u00f3n Plenaria de la Asociaci\u00f3n Nacional de Facultades de Humanidades y Educaci\u00f3n de universidades p\u00fablicas (ANFHE).<\/span><\/p>\n<div class=\"x11i5rnm xat24cr x1mh8g0r x1vvkbs xtlvy1s x126k92a\">\n<p dir=\"auto\">En representaci\u00f3n de nuestra Facultad estuvieron el decano, Sergio Robin, y la secretaria acad\u00e9mica, Josefina Lanzi, quien particip\u00f3 del II Foro de Secretar\u00edas Acad\u00e9micas de la asociaci\u00f3n, que se desarroll\u00f3 de manera simult\u00e1nea al Plenario.<\/p>\n<p dir=\"auto\">En el marco del encuentro, que se realiz\u00f3 antes de las pasadas elecciones, se realiz\u00f3 una declaraci\u00f3n conjunta en la que se expres\u00f3 el rechazo ante &#8220;cualquier provocaci\u00f3n violenta contra la comunidad universitaria&#8221; y se reafirm\u00f3 el compromiso con la defensa de la educaci\u00f3n p\u00fablica, libre, gratuita, laica, diversa, inclusiva y de calidad: &#8220;Universidad P\u00fablica, siempre.&#8221;<\/p>\n<p dir=\"auto\">Por otro lado se trabaj\u00f3 sobre la creaci\u00f3n del foro de Secretar\u00edas de Extensi\u00f3n, la curricularizaci\u00f3n de la<br \/>\nextensi\u00f3n universitaria; se debati\u00f3 sobre la organizaci\u00f3n curricular y de trayectorias educativas en la formaci\u00f3n de grado para la reconfiguraci\u00f3n del sistema universitario. Tambi\u00e9n se llev\u00f3 a cabo la presentaci\u00f3n del Libro <em>Universidad en Movimiento. Curricularizar la Extensi\u00f3n<\/em>.<\/p>\n<p dir=\"auto\"><a href=\"https:\/\/www.facebook.com\/filount\/posts\/pfbid0358sXznyJHJFzY96cXcLyAEe4iLHUXfH3vyNjJh4Kp3MMRB49u2DRCfTE41E8bJU6l\" target=\"_blank\" rel=\"noopener\">Ver fotos<\/a><\/p>\n<\/div>\n<p dir=\"auto\">\n<\/div>\n","protected":false},"excerpt":{"rendered":"<p>Desde el 15 de noviembre y durante tres d\u00edas, se realiz\u00f3, en la Facultad de Filosof\u00eda y Humanidades de la Universidad Nacional de C\u00f3rdoba, la 39\u00b0 Reuni\u00f3n Plenaria de la Asociaci\u00f3n Nacional de Facultades de Humanidades y Educaci\u00f3n de universidades p\u00fablicas (ANFHE). En representaci\u00f3n de nuestra Facultad estuvieron el decano, [&hellip;]<\/p>\n","protected":false},"author":3,"featured_media":9961,"comment_status":"closed","ping_status":"closed","sticky":false,"template":"","format":"standard","meta":{"footnotes":""},"categories":[12],"tags":[],"class_list":{"0":"post-9960","1":"post","2":"type-post","3":"status-publish","4":"format-standard","5":"has-post-thumbnail","6":"hentry","7":"category-gestion","9":"post-with-thumbnail","10":"post-with-thumbnail-large"},"_links":{"self":[{"href":"https:\/\/filo.unt.edu.ar\/noticias\/wp-json\/wp\/v2\/posts\/9960","targetHints":{"allow":["GET"]}}],"collection":[{"href":"https:\/\/filo.unt.edu.ar\/noticias\/wp-json\/wp\/v2\/posts"}],"about":[{"href":"https:\/\/filo.unt.edu.ar\/noticias\/wp-json\/wp\/v2\/types\/post"}],"author":[{"embeddable":true,"href":"https:\/\/filo.unt.edu.ar\/noticias\/wp-json\/wp\/v2\/users\/3"}],"replies":[{"embeddable":true,"href":"https:\/\/filo.unt.edu.ar\/noticias\/wp-json\/wp\/v2\/comments?post=9960"}],"version-history":[{"count":4,"href":"https:\/\/filo.unt.edu.ar\/noticias\/wp-json\/wp\/v2\/posts\/9960\/revisions"}],"predecessor-version":[{"id":10076,"href":"https:\/\/filo.unt.edu.ar\/noticias\/wp-json\/wp\/v2\/posts\/9960\/revisions\/10076"}],"wp:featuredmedia":[{"embeddable":true,"href":"https:\/\/filo.unt.edu.ar\/noticias\/wp-json\/wp\/v2\/media\/9961"}],"wp:attachment":[{"href":"https:\/\/filo.unt.edu.ar\/noticias\/wp-json\/wp\/v2\/media?parent=9960"}],"wp:term":[{"taxonomy":"category","embeddable":true,"href":"https:\/\/filo.unt.edu.ar\/noticias\/wp-json\/wp\/v2\/categories?post=9960"},{"taxonomy":"post_tag","embeddable":true,"href":"https:\/\/filo.unt.edu.ar\/noticias\/wp-json\/wp\/v2\/tags?post=9960"}],"curies":[{"name":"wp","href":"https:\/\/api.w.org\/{rel}","templated":true}]}}