{"id":9938,"date":"2023-11-13T11:21:04","date_gmt":"2023-11-13T14:21:04","guid":{"rendered":"http:\/\/filo.unt.edu.ar\/noticias\/?p=9938"},"modified":"2023-12-12T00:29:18","modified_gmt":"2023-12-12T03:29:18","slug":"3er-conversatorio-trayectorias-de-formacion-y-la-formacion-de-trayectorias","status":"publish","type":"post","link":"https:\/\/filo.unt.edu.ar\/noticias\/2023\/11\/13\/3er-conversatorio-trayectorias-de-formacion-y-la-formacion-de-trayectorias\/","title":{"rendered":"3er Conversatorio Trayectorias de formaci\u00f3n y la formaci\u00f3n de trayectorias"},"content":{"rendered":"<p align=\"justify\"><span style=\"color: #000000\">El lunes 13 se llev\u00f3 a cabo el 3er Conversatorio del Ciclo &#8220;Trayectorias de formaci\u00f3n y la formaci\u00f3n de trayectorias. Vidas Acad\u00e9micas&#8221; a cargo de la Prof. Anal\u00eda Pizarro y el profesor Daniel Y\u00e9pez. Se cont\u00f3 con la participaci\u00f3n de la vicerrectora, Mercedes Leal; el decano, Sergio Robin; la vicedecana, Bibi Sibaldi; docentes y estudiante.<\/span><\/p>\n<p align=\"justify\"><span style=\"color: #000000\">Este Ciclo de charlas es parte de las actividades que organizan, de manera conjunta, el Instituto de Investigaci\u00f3n en Ciencias de la Educaci\u00f3n (ICE), el Departamento de Ciencias de la Educaci\u00f3n y el Instituto Coordinador de Programas de Capacitaci\u00f3n (ICPC), con el prop\u00f3sito de reconocer las trayectorias acad\u00e9micas de docentes, investigadores e investigadoras de la Universidad Nacional de Tucum\u00e1n. <\/span><\/p>\n<p align=\"justify\"><span style=\"color: #000000\">En esta oportunidad, se homenaje\u00f3 la vasta trayectoria acad\u00e9mica de Pizarro y Y\u00e9pez. As\u00ed, la<\/span><span style=\"color: #000000\"> Facultad dio un marco institucional que permiti\u00f3 reconocer la labor y el impacto acad\u00e9mico de <\/span><span style=\"color: #000000\">dos de sus docentes. &#8220;Creemos que este es un espacio ideal para hacer lugar al reconocimiento y puesta en valor de todo lo que nos ense\u00f1aron y a\u00fan ense\u00f1an&#8221; afirm\u00f3 Claudia Ferreiro, directora del ICE.<\/span><\/p>\n<p align=\"justify\"><span style=\"color: #000000\">Durante el encuentro se comparti\u00f3 una producci\u00f3n audiovisual elaborada por la C\u00e1tedra de Historia General de la Educaci\u00f3n y de la Pedagog\u00eda y el ICPC para Y\u00e9pez y Pizarro. La misma se plante\u00f3 como una construcci\u00f3n con voces y relatos de colegas y amigos\/as con los que compartieron diferentes momentos y espacios, experiencias y situaciones, dando cuenta, con sus testimonios, de lo que significaron en sus trayectorias formativas y de vida. <\/span><\/p>\n<p><span style=\"color: #000000\">\u201cEnse\u00f1ar no es transferir conocimiento, sino crear las posibilidades para su propia producci\u00f3n o construcci\u00f3n\u201d suele sostener Y\u00e9pez. Y dado que se habla <\/span><span style=\"color: #000000\">de &#8220;trayectorias de formaci\u00f3n y formaci\u00f3n de trayectorias&#8221;, es de destacar el hecho de que el homenaje incluy\u00f3 la perspectiva del estudiantado.<\/span><\/p>\n<p><a href=\"https:\/\/www.facebook.com\/filount\/posts\/pfbid0NNoTts87J3iZu4MQG8R2BmcQjmHARihQc52bFg5dMW9QiSFsPJ3MoAKrRMDriCocl\" target=\"_blank\" rel=\"noopener\">Ver fotos<\/a><\/p>\n","protected":false},"excerpt":{"rendered":"<p>El lunes 13 se llev\u00f3 a cabo el 3er Conversatorio del Ciclo &#8220;Trayectorias de formaci\u00f3n y la formaci\u00f3n de trayectorias. Vidas Acad\u00e9micas&#8221; a cargo de la Prof. Anal\u00eda Pizarro y el profesor Daniel Y\u00e9pez. Se cont\u00f3 con la participaci\u00f3n de la vicerrectora, Mercedes Leal; el decano, Sergio Robin; la vicedecana, [&hellip;]<\/p>\n","protected":false},"author":3,"featured_media":9940,"comment_status":"closed","ping_status":"closed","sticky":false,"template":"","format":"standard","meta":{"footnotes":""},"categories":[8,33],"tags":[],"class_list":{"0":"post-9938","1":"post","2":"type-post","3":"status-publish","4":"format-standard","5":"has-post-thumbnail","6":"hentry","7":"category-eventos-academicos","8":"category-institutos","10":"post-with-thumbnail","11":"post-with-thumbnail-large"},"_links":{"self":[{"href":"https:\/\/filo.unt.edu.ar\/noticias\/wp-json\/wp\/v2\/posts\/9938","targetHints":{"allow":["GET"]}}],"collection":[{"href":"https:\/\/filo.unt.edu.ar\/noticias\/wp-json\/wp\/v2\/posts"}],"about":[{"href":"https:\/\/filo.unt.edu.ar\/noticias\/wp-json\/wp\/v2\/types\/post"}],"author":[{"embeddable":true,"href":"https:\/\/filo.unt.edu.ar\/noticias\/wp-json\/wp\/v2\/users\/3"}],"replies":[{"embeddable":true,"href":"https:\/\/filo.unt.edu.ar\/noticias\/wp-json\/wp\/v2\/comments?post=9938"}],"version-history":[{"count":3,"href":"https:\/\/filo.unt.edu.ar\/noticias\/wp-json\/wp\/v2\/posts\/9938\/revisions"}],"predecessor-version":[{"id":10055,"href":"https:\/\/filo.unt.edu.ar\/noticias\/wp-json\/wp\/v2\/posts\/9938\/revisions\/10055"}],"wp:featuredmedia":[{"embeddable":true,"href":"https:\/\/filo.unt.edu.ar\/noticias\/wp-json\/wp\/v2\/media\/9940"}],"wp:attachment":[{"href":"https:\/\/filo.unt.edu.ar\/noticias\/wp-json\/wp\/v2\/media?parent=9938"}],"wp:term":[{"taxonomy":"category","embeddable":true,"href":"https:\/\/filo.unt.edu.ar\/noticias\/wp-json\/wp\/v2\/categories?post=9938"},{"taxonomy":"post_tag","embeddable":true,"href":"https:\/\/filo.unt.edu.ar\/noticias\/wp-json\/wp\/v2\/tags?post=9938"}],"curies":[{"name":"wp","href":"https:\/\/api.w.org\/{rel}","templated":true}]}}