{"id":9904,"date":"2023-11-03T11:45:01","date_gmt":"2023-11-03T14:45:01","guid":{"rendered":"http:\/\/filo.unt.edu.ar\/noticias\/?p=9904"},"modified":"2023-12-11T12:11:02","modified_gmt":"2023-12-11T15:11:02","slug":"xl-encuentro-plenario-del-codesoc","status":"publish","type":"post","link":"https:\/\/filo.unt.edu.ar\/noticias\/2023\/11\/03\/xl-encuentro-plenario-del-codesoc\/","title":{"rendered":"XL Encuentro Plenario del CODESOC"},"content":{"rendered":"<p class=\"xdj266r x11i5rnm xat24cr x1mh8g0r x1vvkbs x126k92a\">El 2 y 3 de noviembre, en Villa Mar\u00eda (C\u00f3rdoba) se realiz\u00f3 el XL Encuentro Plenario del Consejo de Decanas y Decanos de Facultades de Ciencias Sociales y Humanas (CODESOC), reuni\u00f3n de la que participo el Prof. Sergio Robin, decano de nuestra Facultad.<\/p>\n<p class=\"xdj266r x11i5rnm xat24cr x1mh8g0r x1vvkbs x126k92a\">En el plenario, pensado como un espacio de discusi\u00f3n y proyecci\u00f3n de las Ciencias Sociales en el \u00e1mbito universitario, se abordaron asuntos de vital importancia para el desarrollo acad\u00e9mico y la investigaci\u00f3n en las Universidades Nacionales.<\/p>\n<p class=\"xdj266r x11i5rnm xat24cr x1mh8g0r x1vvkbs x126k92a\">Entre los puntos m\u00e1s relevantes destacados se pueden mencionar los lineamientos a partir del acuerdo de San Mart\u00edn para orientar futuras estrategias; los desaf\u00edos y el rol de las ciencias sociales en el contexto actual de la Universidad P\u00fablica; el impacto de la tecnologizaci\u00f3n y la Inteligencia Artificial en los procesos de producci\u00f3n de conocimiento en el \u00e1mbito de las Ciencias Sociales.<\/p>\n<p class=\"xdj266r x11i5rnm xat24cr x1mh8g0r x1vvkbs x126k92a\">El encuentro cont\u00f3 con un Conversatorio con ex miembros del CODESOC en el que participaron antiguos\/as integrantes\u00a0 que actualmente desempe\u00f1an funciones en rectorados, y que ofrecieron una valiosa perspectiva y experiencia sobre la gesti\u00f3n universitaria.<\/p>\n<p dir=\"auto\">El intercambio de ideas, visiones y perspectivas fue enriquecedor, evidenciando la necesidad de adaptaci\u00f3n y evoluci\u00f3n de las Ciencias Sociales en las universidades para abordar los desaf\u00edos del mundo contempor\u00e1neo.<\/p>\n","protected":false},"excerpt":{"rendered":"<p>El 2 y 3 de noviembre, en Villa Mar\u00eda (C\u00f3rdoba) se realiz\u00f3 el XL Encuentro Plenario del Consejo de Decanas y Decanos de Facultades de Ciencias Sociales y Humanas (CODESOC), reuni\u00f3n de la que participo el Prof. Sergio Robin, decano de nuestra Facultad. En el plenario, pensado como un espacio [&hellip;]<\/p>\n","protected":false},"author":3,"featured_media":9905,"comment_status":"closed","ping_status":"closed","sticky":false,"template":"","format":"standard","meta":{"footnotes":""},"categories":[12],"tags":[],"class_list":{"0":"post-9904","1":"post","2":"type-post","3":"status-publish","4":"format-standard","5":"has-post-thumbnail","6":"hentry","7":"category-gestion","9":"post-with-thumbnail","10":"post-with-thumbnail-large"},"_links":{"self":[{"href":"https:\/\/filo.unt.edu.ar\/noticias\/wp-json\/wp\/v2\/posts\/9904","targetHints":{"allow":["GET"]}}],"collection":[{"href":"https:\/\/filo.unt.edu.ar\/noticias\/wp-json\/wp\/v2\/posts"}],"about":[{"href":"https:\/\/filo.unt.edu.ar\/noticias\/wp-json\/wp\/v2\/types\/post"}],"author":[{"embeddable":true,"href":"https:\/\/filo.unt.edu.ar\/noticias\/wp-json\/wp\/v2\/users\/3"}],"replies":[{"embeddable":true,"href":"https:\/\/filo.unt.edu.ar\/noticias\/wp-json\/wp\/v2\/comments?post=9904"}],"version-history":[{"count":3,"href":"https:\/\/filo.unt.edu.ar\/noticias\/wp-json\/wp\/v2\/posts\/9904\/revisions"}],"predecessor-version":[{"id":10009,"href":"https:\/\/filo.unt.edu.ar\/noticias\/wp-json\/wp\/v2\/posts\/9904\/revisions\/10009"}],"wp:featuredmedia":[{"embeddable":true,"href":"https:\/\/filo.unt.edu.ar\/noticias\/wp-json\/wp\/v2\/media\/9905"}],"wp:attachment":[{"href":"https:\/\/filo.unt.edu.ar\/noticias\/wp-json\/wp\/v2\/media?parent=9904"}],"wp:term":[{"taxonomy":"category","embeddable":true,"href":"https:\/\/filo.unt.edu.ar\/noticias\/wp-json\/wp\/v2\/categories?post=9904"},{"taxonomy":"post_tag","embeddable":true,"href":"https:\/\/filo.unt.edu.ar\/noticias\/wp-json\/wp\/v2\/tags?post=9904"}],"curies":[{"name":"wp","href":"https:\/\/api.w.org\/{rel}","templated":true}]}}