{"id":9846,"date":"2023-10-20T12:00:19","date_gmt":"2023-10-20T15:00:19","guid":{"rendered":"http:\/\/filo.unt.edu.ar\/noticias\/?p=9846"},"modified":"2023-11-17T11:22:32","modified_gmt":"2023-11-17T14:22:32","slug":"clase-abierta-genero-en-el-ambito-rural","status":"publish","type":"post","link":"https:\/\/filo.unt.edu.ar\/noticias\/2023\/10\/20\/clase-abierta-genero-en-el-ambito-rural\/","title":{"rendered":"Clase abierta &#8220;G\u00e9nero en el \u00e1mbito rural&#8221;"},"content":{"rendered":"<p class=\"xdj266r x11i5rnm xat24cr x1mh8g0r x1vvkbs x126k92a\">El viernes 20, la materia optativa &#8220;Instituciones, Educaci\u00f3n y Contexto&#8221; organiz\u00f3 la clase abierta &#8220;G\u00e9nero en el \u00e1mbito rural&#8221;, gestionada a trav\u00e9s de la Secretar\u00eda de G\u00e9nero, Diversidades y Derechos Humanos de la UNT.<\/p>\n<p class=\"xdj266r x11i5rnm xat24cr x1mh8g0r x1vvkbs x126k92a\"><span class=\"x3nfvp2 x1j61x8r x1fcty0u xdj266r xhhsvwb xat24cr xgzva0m xxymvpz xlup9mm x1kky2od\">La misma c<\/span>ont\u00f3 con la participaci\u00f3n de docentes, investigadoras y, actuales referentes del Protocolo de violencia de g\u00e9nero de las Facultades de Agronom\u00eda, Zootecnia y Veterinaria-UNT, Mg. Ana Garc\u00eda Salemi y la Dra Luciana Garat, respectivamente. Partici\u00f3 tambi\u00e9n la secretaria de G\u00e9nero, Diversidad y DDHH, Julia Salda\u00f1o, desarroll\u00f3 aspectos de la transversalizaci\u00f3n de la perspectiva de g\u00e9nero en la propuesta curricular de la UNT.<\/p>\n<p class=\"xdj266r x11i5rnm xat24cr x1mh8g0r x1vvkbs x126k92a\">Salemi y Garat expusieron informaci\u00f3n estad\u00edstica y compartieron conocimientos vinculados al trabajo de la mujer en el \u00e1mbito rural. A trav\u00e9s del an\u00e1lisis de casos generados de sus pr\u00e1cticas profesionales en territorio, desafiaron a las y los estudiantes a pensar en torno a las problem\u00e1ticas y posibilidades de desarrollo rural con perspectiva de g\u00e9nero.<\/p>\n<p class=\"xdj266r x11i5rnm xat24cr x1mh8g0r x1vvkbs x126k92a\">Tambi\u00e9n, en una instancia de la clase, la Lic. Salda\u00f1o, desarrollarr\u00f3 aspectos de la transversalizaci\u00f3n de la perspectiva de g\u00e9nero en la propuesta curricular de la UNT,<\/p>\n<p><a href=\"https:\/\/www.facebook.com\/filount\/posts\/pfbid0VTChANnYHJ1DjREjdj5CR6KZfgEBQMvQQ9fbgCEA4i7ZwaYSFUBxqrFfUho29gNHl\" target=\"_blank\" rel=\"noopener\">Ver fotos<\/a><\/p>\n","protected":false},"excerpt":{"rendered":"<p>El viernes 20, la materia optativa &#8220;Instituciones, Educaci\u00f3n y Contexto&#8221; organiz\u00f3 la clase abierta &#8220;G\u00e9nero en el \u00e1mbito rural&#8221;, gestionada a trav\u00e9s de la Secretar\u00eda de G\u00e9nero, Diversidades y Derechos Humanos de la UNT. La misma cont\u00f3 con la participaci\u00f3n de docentes, investigadoras y, actuales referentes del Protocolo de violencia [&hellip;]<\/p>\n","protected":false},"author":3,"featured_media":9847,"comment_status":"closed","ping_status":"closed","sticky":false,"template":"","format":"standard","meta":{"footnotes":""},"categories":[34,8],"tags":[],"class_list":{"0":"post-9846","1":"post","2":"type-post","3":"status-publish","4":"format-standard","5":"has-post-thumbnail","6":"hentry","7":"category-catedras","8":"category-eventos-academicos","10":"post-with-thumbnail","11":"post-with-thumbnail-large"},"_links":{"self":[{"href":"https:\/\/filo.unt.edu.ar\/noticias\/wp-json\/wp\/v2\/posts\/9846","targetHints":{"allow":["GET"]}}],"collection":[{"href":"https:\/\/filo.unt.edu.ar\/noticias\/wp-json\/wp\/v2\/posts"}],"about":[{"href":"https:\/\/filo.unt.edu.ar\/noticias\/wp-json\/wp\/v2\/types\/post"}],"author":[{"embeddable":true,"href":"https:\/\/filo.unt.edu.ar\/noticias\/wp-json\/wp\/v2\/users\/3"}],"replies":[{"embeddable":true,"href":"https:\/\/filo.unt.edu.ar\/noticias\/wp-json\/wp\/v2\/comments?post=9846"}],"version-history":[{"count":3,"href":"https:\/\/filo.unt.edu.ar\/noticias\/wp-json\/wp\/v2\/posts\/9846\/revisions"}],"predecessor-version":[{"id":9902,"href":"https:\/\/filo.unt.edu.ar\/noticias\/wp-json\/wp\/v2\/posts\/9846\/revisions\/9902"}],"wp:featuredmedia":[{"embeddable":true,"href":"https:\/\/filo.unt.edu.ar\/noticias\/wp-json\/wp\/v2\/media\/9847"}],"wp:attachment":[{"href":"https:\/\/filo.unt.edu.ar\/noticias\/wp-json\/wp\/v2\/media?parent=9846"}],"wp:term":[{"taxonomy":"category","embeddable":true,"href":"https:\/\/filo.unt.edu.ar\/noticias\/wp-json\/wp\/v2\/categories?post=9846"},{"taxonomy":"post_tag","embeddable":true,"href":"https:\/\/filo.unt.edu.ar\/noticias\/wp-json\/wp\/v2\/tags?post=9846"}],"curies":[{"name":"wp","href":"https:\/\/api.w.org\/{rel}","templated":true}]}}