{"id":9836,"date":"2023-10-17T11:41:54","date_gmt":"2023-10-17T14:41:54","guid":{"rendered":"http:\/\/filo.unt.edu.ar\/noticias\/?p=9836"},"modified":"2023-11-16T12:03:14","modified_gmt":"2023-11-16T15:03:14","slug":"conferencia-clases-medias-en-mexico-1870-1929-practicas-identidades-distinciones-sociales","status":"publish","type":"post","link":"https:\/\/filo.unt.edu.ar\/noticias\/2023\/10\/17\/conferencia-clases-medias-en-mexico-1870-1929-practicas-identidades-distinciones-sociales\/","title":{"rendered":"Conferencia &#8220;Clases medias en M\u00e9xico, 1870-1929: pr\u00e1cticas, identidades, distinciones sociales&#8221;"},"content":{"rendered":"<div class=\"xdj266r x11i5rnm xat24cr x1mh8g0r x1vvkbs x126k92a\">\n<p dir=\"auto\">El martes 10 se llev\u00f3 a cabo la Conferencia &#8220;Clases medias en M\u00e9xico, 1870-1929: pr\u00e1cticas, identidades,\u00a0 distinciones sociales&#8221; a cargo del Dr. Barbosa Cruz (UAM- Cuajimalpa), organizada por el Doctorado en Humanidades.<\/p>\n<p dir=\"auto\">Para el conferencista hablar de sectores medios o clases medias refiere a clasificaciones ocupacionales o a un lugar determinado en la sociedad por sus relaciones con &#8220;los de arriba&#8221; y &#8220;los de abajo&#8221;. En su conferencia, Barbosa Cruz analiz\u00f3 los sentidos de la categor\u00eda \u201cclase media\u201d, a partir de un an\u00e1lisis de las formas de vida de empleados p\u00fablicos y sus pretensiones de distinci\u00f3n en relaci\u00f3n con otros sectores sociales de la ciudad de M\u00e9xico, a lo largo del porfiriato tard\u00edo, la d\u00e9cada revolucionaria y los primeros a\u00f1os de los gobiernos posrevolucionarios.<\/p>\n<div dir=\"auto\">\n<p align=\"justify\">Barbosa Cruz es Doctor y Maestro en historia por El Colegio de M\u00e9xico. Licenciado en historia por la Universidad Nacional de Colombia. Investigador especializado en historia urbana y social de M\u00e9xico y Colombia. Es profesor investigador Titular adscrito al Departamento de Humanidades.\u00a0Desde 2008 es Co-Director del Seminario Permanente de Historia Social del Centro de Estudios Hist\u00f3ricos de El Colegio de M\u00e9xico, del cual fue Coordinador Acad\u00e9mico entre 2003 y 2008. Es co-director de Trashumante. Revista Americana de Historia Social, proyecto conjunto de la UAM Cuajimalpa y la Universidad de Antioquia (Colombia).<\/p>\n<p align=\"justify\"><a href=\"https:\/\/www.facebook.com\/filount\/posts\/pfbid02Zb2TTk1FsRtPmSJnVnczMV9jjQ9cJthbXTiJyRWpXhBUXqGraPMFmHaNHZC7ELtMl\" target=\"_blank\" rel=\"noopener\">Ver fotos<\/a><\/p>\n<\/div>\n<\/div>\n","protected":false},"excerpt":{"rendered":"<p>El martes 10 se llev\u00f3 a cabo la Conferencia &#8220;Clases medias en M\u00e9xico, 1870-1929: pr\u00e1cticas, identidades,\u00a0 distinciones sociales&#8221; a cargo del Dr. Barbosa Cruz (UAM- Cuajimalpa), organizada por el Doctorado en Humanidades. Para el conferencista hablar de sectores medios o clases medias refiere a clasificaciones ocupacionales o a un lugar [&hellip;]<\/p>\n","protected":false},"author":3,"featured_media":9837,"comment_status":"closed","ping_status":"closed","sticky":false,"template":"","format":"standard","meta":{"footnotes":""},"categories":[8,18,17],"tags":[],"class_list":{"0":"post-9836","1":"post","2":"type-post","3":"status-publish","4":"format-standard","5":"has-post-thumbnail","6":"hentry","7":"category-eventos-academicos","8":"category-investigacion","9":"category-posgrado","11":"post-with-thumbnail","12":"post-with-thumbnail-large"},"_links":{"self":[{"href":"https:\/\/filo.unt.edu.ar\/noticias\/wp-json\/wp\/v2\/posts\/9836","targetHints":{"allow":["GET"]}}],"collection":[{"href":"https:\/\/filo.unt.edu.ar\/noticias\/wp-json\/wp\/v2\/posts"}],"about":[{"href":"https:\/\/filo.unt.edu.ar\/noticias\/wp-json\/wp\/v2\/types\/post"}],"author":[{"embeddable":true,"href":"https:\/\/filo.unt.edu.ar\/noticias\/wp-json\/wp\/v2\/users\/3"}],"replies":[{"embeddable":true,"href":"https:\/\/filo.unt.edu.ar\/noticias\/wp-json\/wp\/v2\/comments?post=9836"}],"version-history":[{"count":2,"href":"https:\/\/filo.unt.edu.ar\/noticias\/wp-json\/wp\/v2\/posts\/9836\/revisions"}],"predecessor-version":[{"id":9851,"href":"https:\/\/filo.unt.edu.ar\/noticias\/wp-json\/wp\/v2\/posts\/9836\/revisions\/9851"}],"wp:featuredmedia":[{"embeddable":true,"href":"https:\/\/filo.unt.edu.ar\/noticias\/wp-json\/wp\/v2\/media\/9837"}],"wp:attachment":[{"href":"https:\/\/filo.unt.edu.ar\/noticias\/wp-json\/wp\/v2\/media?parent=9836"}],"wp:term":[{"taxonomy":"category","embeddable":true,"href":"https:\/\/filo.unt.edu.ar\/noticias\/wp-json\/wp\/v2\/categories?post=9836"},{"taxonomy":"post_tag","embeddable":true,"href":"https:\/\/filo.unt.edu.ar\/noticias\/wp-json\/wp\/v2\/tags?post=9836"}],"curies":[{"name":"wp","href":"https:\/\/api.w.org\/{rel}","templated":true}]}}