{"id":9812,"date":"2023-10-20T12:07:21","date_gmt":"2023-10-20T15:07:21","guid":{"rendered":"http:\/\/filo.unt.edu.ar\/noticias\/?p=9812"},"modified":"2023-11-17T11:19:20","modified_gmt":"2023-11-17T14:19:20","slug":"homenajes-a-estudiantes-desaparecidos-de-filosofia-y-letras","status":"publish","type":"post","link":"https:\/\/filo.unt.edu.ar\/noticias\/2023\/10\/20\/homenajes-a-estudiantes-desaparecidos-de-filosofia-y-letras\/","title":{"rendered":"Homenajes a estudiantes desaparecidos de Filosof\u00eda y Letras"},"content":{"rendered":"<p align=\"justify\"><span style=\"color: #464646\">En un emotivo acto que tuvo lugar el viernes 27, se llev\u00f3 a cabo la inauguraci\u00f3n de un friso en homenaje a los estudiantes de nuestra casa desaparecidos durante la \u00faltima dictadura c\u00edvico-militar.<\/span><\/p>\n<p align=\"justify\"><span style=\"color: #464646\"> El evento cont\u00f3 con la presencia de <\/span><span style=\"color: #464646\">Mercedes Leal<\/span><span style=\"color: #464646\"><b>,<\/b><\/span><span style=\"color: #464646\"> vice rectora de la UNT; <\/span><span style=\"color: #464646\">Sergio Rob\u00edn<\/span><span style=\"color: #464646\">, decano de la Facultad; Sandra M\u00e1rquez, subsecretaria de G\u00e9nero, Diversidad y Derechos Humanos de la UNT; y <\/span><span style=\"color: #464646\">Cintia Caram y Dolores Marco<\/span><span style=\"color: #464646\">, directora y co-directora del Proyecto de investigaci\u00f3n &#8220;La Ciudadan\u00eda ante los desaf\u00edos de la antipol\u00edtica&#8221;, que hizo posible esta iniciativa. Tambi\u00e9n estuvieron presentes familiares de desaparecidos e integrantes de organismos de Derechos Humanos.<\/span><\/p>\n<p><span style=\"color: #464646\">La Dra. Leal destac\u00f3 la importancia de esta iniciativa que abona al compromiso que la universidad tiene con las pol\u00edticas de Memoria, Verdad y Justicia. &#8220;Estos estudiantes han luchado por un pa\u00eds, por un proyecto de ciudadan\u00eda, por un proyecto de universidad p\u00fablica. Creo que honrar la Memoria visibilizando estos rostros de la juventud de una Facultad, de una universidad p\u00fablica, es hoy un compromiso universitario&#8221;, precis\u00f3.<\/span><\/p>\n<p><span style=\"color: #464646\">Por su parte Robin hizo hincapi\u00e9 en la importancia de darle rostro y humanidad a los nombres de los estudiantes desaparecidos: &#8220;llena de contenido eso que llamamos la construcci\u00f3n de la memoria. Esto que vamos a ver ahora no es definitivo, est\u00e1 en construcci\u00f3n. De manera que, probablemente, con el paso del tiempo se van a ir incorporando m\u00e1s im\u00e1genes, m\u00e1s nombres&#8221;, se\u00f1al\u00f3. <\/span><\/p>\n<p align=\"justify\"><span style=\"color: #464646\">La Lic. Caram explic\u00f3 que la iniciativa involucra a un grupo de entre 15 y 20 personas, incluyendo graduados, investigadores y estudiantes. El proyecto se centra en la construcci\u00f3n de la memoria y en la importancia de visibilizar los principios de Memoria, Verdad y Justicia para las generaciones actuales. Afirm\u00f3 que este es el puntapi\u00e9 inicial, y que &#8220;pensamos seguir a lo largo de los cuatro a\u00f1os que tiene nuestro proyecto. Seguir recuperando nombres, seguir recuperando historias&#8221;.<\/span><\/p>\n<p><span style=\"color: #464646\">Tambi\u00e9n la co-directora del Proyecto<\/span><span style=\"color: #464646\"> dirigi\u00f3 al p\u00fablico presente unas palabras. Explic\u00f3 que el objetivo del mismo es reflexionar sobre las manifestaciones de antipol\u00edtica que ponen en peligro las bases de la democracia: &#8220;La presentaci\u00f3n del mural con los rostros y nombres de los estudiantes desaparecidos buscan construir memoria y conciencia, especialmente entre los j\u00f3venes nacidos en democracia. Nos parec\u00eda que ponerle rostro y nombre a esa historia va a favorecer a que los estudiantes tambi\u00e9n tomen conciencia y se apropien de esa historia&#8221;, subray\u00f3.<\/span><\/p>\n<p><span style=\"color: #464646\">Por \u00faltimo, la Prof.&nbsp;<\/span><span style=\"color: #464646\">Sandra<\/span><b> <\/b><span style=\"color: #464646\">M\u00e1rquez<\/span><span style=\"color: #464646\"> resalt\u00f3 la necesidad de visibilizar a aquellos que formaron parte de la comunidad universitaria y que fueron v\u00edctimas de la \u00faltima dictadura: &#8220;es de gran importancia para las futuras generaciones que puedan conocer no solamente el rostro, sino tambi\u00e9n la trayectoria acad\u00e9mica, la historia de vida, la participaci\u00f3n pol\u00edtica y el compromiso que tuvieron nuestros estudiantes, docentes y no docentes&#8221;, asever\u00f3.<\/span><\/p>\n<p align=\"justify\"><a href=\"https:\/\/www.facebook.com\/filount\/posts\/pfbid0QuTZPEBWkMgEvDfnvHu9Xec7YSiSEGbmmcVfeogPo9JnNXPW8tJLmmqwbHSWV8TWl\" target=\"_blank\" rel=\"noopener\">Ver fotos<\/a><\/p>\n<p align=\"justify\">\n","protected":false},"excerpt":{"rendered":"<p>En un emotivo acto que tuvo lugar el viernes 27, se llev\u00f3 a cabo la inauguraci\u00f3n de un friso en homenaje a los estudiantes de nuestra casa desaparecidos durante la \u00faltima dictadura c\u00edvico-militar. El evento cont\u00f3 con la presencia de Mercedes Leal, vice rectora de la UNT; Sergio Rob\u00edn, decano [&hellip;]<\/p>\n","protected":false},"author":3,"featured_media":9813,"comment_status":"closed","ping_status":"closed","sticky":false,"template":"","format":"standard","meta":{"footnotes":""},"categories":[14,6,18],"tags":[],"class_list":{"0":"post-9812","1":"post","2":"type-post","3":"status-publish","4":"format-standard","5":"has-post-thumbnail","6":"hentry","7":"category-destacadas","8":"category-extension","9":"category-investigacion","11":"post-with-thumbnail","12":"post-with-thumbnail-large"},"_links":{"self":[{"href":"https:\/\/filo.unt.edu.ar\/noticias\/wp-json\/wp\/v2\/posts\/9812","targetHints":{"allow":["GET"]}}],"collection":[{"href":"https:\/\/filo.unt.edu.ar\/noticias\/wp-json\/wp\/v2\/posts"}],"about":[{"href":"https:\/\/filo.unt.edu.ar\/noticias\/wp-json\/wp\/v2\/types\/post"}],"author":[{"embeddable":true,"href":"https:\/\/filo.unt.edu.ar\/noticias\/wp-json\/wp\/v2\/users\/3"}],"replies":[{"embeddable":true,"href":"https:\/\/filo.unt.edu.ar\/noticias\/wp-json\/wp\/v2\/comments?post=9812"}],"version-history":[{"count":4,"href":"https:\/\/filo.unt.edu.ar\/noticias\/wp-json\/wp\/v2\/posts\/9812\/revisions"}],"predecessor-version":[{"id":9897,"href":"https:\/\/filo.unt.edu.ar\/noticias\/wp-json\/wp\/v2\/posts\/9812\/revisions\/9897"}],"wp:featuredmedia":[{"embeddable":true,"href":"https:\/\/filo.unt.edu.ar\/noticias\/wp-json\/wp\/v2\/media\/9813"}],"wp:attachment":[{"href":"https:\/\/filo.unt.edu.ar\/noticias\/wp-json\/wp\/v2\/media?parent=9812"}],"wp:term":[{"taxonomy":"category","embeddable":true,"href":"https:\/\/filo.unt.edu.ar\/noticias\/wp-json\/wp\/v2\/categories?post=9812"},{"taxonomy":"post_tag","embeddable":true,"href":"https:\/\/filo.unt.edu.ar\/noticias\/wp-json\/wp\/v2\/tags?post=9812"}],"curies":[{"name":"wp","href":"https:\/\/api.w.org\/{rel}","templated":true}]}}