{"id":9745,"date":"2023-10-07T12:13:59","date_gmt":"2023-10-07T15:13:59","guid":{"rendered":"http:\/\/filo.unt.edu.ar\/noticias\/?p=9745"},"modified":"2023-11-16T10:57:43","modified_gmt":"2023-11-16T13:57:43","slug":"jornada-politicas-publicas-y-comunicacion-popular-en-tiempos-de-plataformas-y-convergencias","status":"publish","type":"post","link":"https:\/\/filo.unt.edu.ar\/noticias\/2023\/10\/07\/jornada-politicas-publicas-y-comunicacion-popular-en-tiempos-de-plataformas-y-convergencias\/","title":{"rendered":"Jornada \u201cPol\u00edticas P\u00fablicas y Comunicaci\u00f3n Popular en tiempos de plataformas y convergencias"},"content":{"rendered":"<p dir=\"auto\">Nuestra Facultad fue sede de la Jornada \u201cPol\u00edticas P\u00fablicas y Comunicaci\u00f3n Popular en tiempos de plataformas y convergencias. \u00bfOtra comunicaci\u00f3n es posible?\u201d organizada por la Red Interuniversitaria de Comunicaci\u00f3n Comunitaria, Alternativa y Popular (RICCAP) que integra la C\u00e1tedra de Comunicaci\u00f3n Alternativa de la Carrera de Ciencias de la Comunicaci\u00f3n de la UNT. El encuentro reuni\u00f3 a representantes de 9 universidades nacionales que integran la red: Salta (y su sede Tartagal), Jujuy, La Plata, Buenos Aires, Tucum\u00e1n, Entre R\u00edos, Jos\u00e9 C. Paz y C\u00f3rdoba.<\/p>\n<p dir=\"auto\">El evento se realiz\u00f3 entre el viernes 6 y el s\u00e1bado 7 y cont\u00f3, en su apertura, con la presencia del decano, Sergio Robin; Mar\u00eda Marta Luj\u00e1n, directora del Departamento de Ciencias de la Comunicaci\u00f3n; y de Tina Gardella, especialista en comunicaci\u00f3n y derechos humanos, como invitada especial.<\/p>\n<p dir=\"auto\">En sus palabras de bienvenida, el decano afirm\u00f3 que el encuentro era &#8220;una oportunidad de sostener y visibilizar en el debate p\u00fablico la importancia de una comunicaci\u00f3n comprometida con los destinos del pa\u00eds y de su pueblo&#8221;. Y agreg\u00f3 &#8220;Como Universidad estamos en alerta frente a discursos no solamente peligrosos, sino perversos, que invitan al cinismo y a la supresi\u00f3n de derechos. Como universidad no podemos permitirnos esquivar estos debates y el terreno de la comunicaci\u00f3n nos parece clave. Espero que en estos d\u00edas de encuentro no solamente se d\u00e9 un fruct\u00edfero intercambio de saberes, sino tambi\u00e9n de experiencias y de proyecci\u00f3n para defender conquistas sociales, y para construir las pol\u00edticas p\u00fablicas necesarias para garantizar la comunicaci\u00f3n como derecho de todas las comunidades&#8221;.<\/p>\n<p dir=\"auto\">Por su parte, Mar\u00eda Marta Luj\u00e1n encuadr\u00f3 el evento en la importancia de fortalecer lazos institucionales e intervenir en un contexto complejo.<\/p>\n<p dir=\"auto\">Tambi\u00e9n en el acto de apertura se firm\u00f3 un Acta Acuerdo con 6 medios comunitarios y alternativos con los que la C\u00e1tedra de Comunicaci\u00f3n Alternativa viene trabajando a trav\u00e9s de pr\u00e1cticas de extensi\u00f3n. El objetivo es afianzar la cooperaci\u00f3n acad\u00e9mica, el fortalecimiento mutuo y el reconocimiento de la trayectorias de articulaci\u00f3n.<\/p>\n<p dir=\"auto\">Durante la jornada se llevaron a cabo cuatro talleres coordinados por esos propios medios, con participaci\u00f3n de docentes y estudiantes. La Nota, La Palta, FM del Mate, FM Raco, FM San Alfonso, Agencia Anita y Meta Crisis estuvieron a cargo de estos espacios. En este sentido, las jornadas representaron un fruct\u00edfero intercambio entre docentes, organizaciones, medios comunitarios y estudiantes universitarios, tanto en los Talleres, como en la Mesa Panel.<\/p>\n<p dir=\"auto\">Otra de las actividades fue la mesa panel \u201cLas pol\u00edticas p\u00fablicas como constitutivas del hacer comunicacional, desaf\u00edos a 40 a\u00f1os de democracia\u201d, a cargo de Abelardo Vitale, subsecretario de Contenidos P\u00fablicos de la Naci\u00f3n; Ianina Lois, secretaria de Extensi\u00f3n de la Facultad de Ciencias Sociales de la UBA, y Florencia Tolava, docente de la Universidad Nacional de Salta e integrante de la Mesa de Comunicaci\u00f3n Popular de Salta y Jujuy. Cada panelista, desde su lugar, insisti\u00f3 en la necesidad de poner en relaci\u00f3n las caracter\u00edsticas del sector comunicacional comunitario, alternativo y popular con las pol\u00edticas p\u00fablicas en tanto imprescindibles para incidir en actual sistema infocomunicacional.<\/p>\n<p dir=\"auto\">Para finalizar el primer d\u00eda de las Jornadas se presentaron los libros <em>Mujeres de la comunicaci\u00f3n argentina<\/em>, compilado por Larisa Kejval, Alejandra Garc\u00eda Vargas y Nancy D\u00edaz Larra\u00f1aga; y <em>Pueblos ind\u00edgenas y territorios medi\u00e1ticos. Estudios sobre comunicaci\u00f3n ind\u00edgena<\/em>, con Liliana Lizondo y Magdalena Doyle como compiladoras. Se valor\u00f3 el aporte de textos que abordan problem\u00e1ticas de la comunicaci\u00f3n con perspectiva de g\u00e9nero y la relaci\u00f3n comunicaci\u00f3n\/pueblos ind\u00edgenas, tema que carece de estudios al respecto.<\/p>\n<p>Durante el s\u00e1bado se realiz\u00f3 una asamblea en la que los y las integrantes de la red coincidieron en caracterizar el contexto pol\u00edtico como delicado y amenazante para la continuidad de las pol\u00edticas espec\u00edficas del sector de la comunicaci\u00f3n comunitaria y popular. Se acord\u00f3 en la importancia de fortalecer la defensa de la educaci\u00f3n p\u00fablica, el procesamiento del debate sobre la realidad social y econ\u00f3mica del pa\u00eds en el marco de las aulas y las pr\u00e1cticas de extensi\u00f3n e intervenci\u00f3n que realizan las unidades acad\u00e9micas integrantes de la RICCAP.<\/p>\n<p>,<a href=\"https:\/\/www.facebook.com\/filount\/posts\/pfbid0cjBffRmPawWMfxN8jLX4f9E7u3wRN6C1EAEDZcJT2Y1XyPYnwAzebnbk6BVSBXDPl\" target=\"_blank\" rel=\"noopener\">Ver fotos<\/a><\/p>\n","protected":false},"excerpt":{"rendered":"<p>Nuestra Facultad fue sede de la Jornada \u201cPol\u00edticas P\u00fablicas y Comunicaci\u00f3n Popular en tiempos de plataformas y convergencias. \u00bfOtra comunicaci\u00f3n es posible?\u201d organizada por la Red Interuniversitaria de Comunicaci\u00f3n Comunitaria, Alternativa y Popular (RICCAP) que integra la C\u00e1tedra de Comunicaci\u00f3n Alternativa de la Carrera de Ciencias de la Comunicaci\u00f3n de [&hellip;]<\/p>\n","protected":false},"author":3,"featured_media":9746,"comment_status":"closed","ping_status":"closed","sticky":false,"template":"","format":"standard","meta":{"footnotes":""},"categories":[34,8,6],"tags":[],"class_list":{"0":"post-9745","1":"post","2":"type-post","3":"status-publish","4":"format-standard","5":"has-post-thumbnail","6":"hentry","7":"category-catedras","8":"category-eventos-academicos","9":"category-extension","11":"post-with-thumbnail","12":"post-with-thumbnail-large"},"_links":{"self":[{"href":"https:\/\/filo.unt.edu.ar\/noticias\/wp-json\/wp\/v2\/posts\/9745","targetHints":{"allow":["GET"]}}],"collection":[{"href":"https:\/\/filo.unt.edu.ar\/noticias\/wp-json\/wp\/v2\/posts"}],"about":[{"href":"https:\/\/filo.unt.edu.ar\/noticias\/wp-json\/wp\/v2\/types\/post"}],"author":[{"embeddable":true,"href":"https:\/\/filo.unt.edu.ar\/noticias\/wp-json\/wp\/v2\/users\/3"}],"replies":[{"embeddable":true,"href":"https:\/\/filo.unt.edu.ar\/noticias\/wp-json\/wp\/v2\/comments?post=9745"}],"version-history":[{"count":5,"href":"https:\/\/filo.unt.edu.ar\/noticias\/wp-json\/wp\/v2\/posts\/9745\/revisions"}],"predecessor-version":[{"id":9824,"href":"https:\/\/filo.unt.edu.ar\/noticias\/wp-json\/wp\/v2\/posts\/9745\/revisions\/9824"}],"wp:featuredmedia":[{"embeddable":true,"href":"https:\/\/filo.unt.edu.ar\/noticias\/wp-json\/wp\/v2\/media\/9746"}],"wp:attachment":[{"href":"https:\/\/filo.unt.edu.ar\/noticias\/wp-json\/wp\/v2\/media?parent=9745"}],"wp:term":[{"taxonomy":"category","embeddable":true,"href":"https:\/\/filo.unt.edu.ar\/noticias\/wp-json\/wp\/v2\/categories?post=9745"},{"taxonomy":"post_tag","embeddable":true,"href":"https:\/\/filo.unt.edu.ar\/noticias\/wp-json\/wp\/v2\/tags?post=9745"}],"curies":[{"name":"wp","href":"https:\/\/api.w.org\/{rel}","templated":true}]}}