{"id":9739,"date":"2023-10-05T10:48:34","date_gmt":"2023-10-05T13:48:34","guid":{"rendered":"http:\/\/filo.unt.edu.ar\/noticias\/?p=9739"},"modified":"2023-11-16T10:48:25","modified_gmt":"2023-11-16T13:48:25","slug":"filo-celebro-el-dia-internacional-de-la-traduccion","status":"publish","type":"post","link":"https:\/\/filo.unt.edu.ar\/noticias\/2023\/10\/05\/filo-celebro-el-dia-internacional-de-la-traduccion\/","title":{"rendered":"Filo celebr\u00f3 el d\u00eda Internacional de la Traducci\u00f3n"},"content":{"rendered":"<div dir=\"auto\">\n<p dir=\"auto\">El jueves 5 se celebr\u00f3 el d\u00eda Internacional de la Traducci\u00f3n con una Jornada organizada por el Centro de traducci\u00f3n y terminolog\u00eda (CETRATER).<\/p>\n<p dir=\"auto\">Las palabras de apertura estuvieron a cargo de la vicedecana Bibi Sibaldi que, a continuaci\u00f3n, brind\u00f3 una conferencia en torno a la pr\u00e1ctica de la traducci\u00f3n.<\/p>\n<p dir=\"auto\">El encuentro cont\u00f3 con diferentes mesas paneles en las que se reflexion\u00f3 sobre las necesidades educativas especiales. las divergencias entre las lenguas en contacto, la traducci\u00f3n en la ense\u00f1anza de la lectura en lengua extranjera y la traducci\u00f3n intersemi\u00f3tica en la era digital.<\/p>\n<p dir=\"auto\">El encuentro finaliz\u00f3 con la presentaci\u00f3n del libro: &#8220;Migraciones, lenguajes y mediaciones&#8221; de Ram\u00f3n R\u00edos y Gabriela Rojas (Coomp.), a cargo de las Doctoras Viviana D&#8217;Andrea y Nora Vera.<\/p>\n<p dir=\"auto\"><a href=\"https:\/\/www.facebook.com\/filount\/posts\/pfbid02fuRQRLk89wS17efhJAJiw9eKYbTGaWJTag4P8eBQFPyeh4WYfo6hVWxRif8PLM9Rl\" target=\"_blank\" rel=\"noopener\">Ver fotos<\/a><\/p>\n<\/div>\n<div dir=\"auto\"><\/div>\n","protected":false},"excerpt":{"rendered":"<p>El jueves 5 se celebr\u00f3 el d\u00eda Internacional de la Traducci\u00f3n con una Jornada organizada por el Centro de traducci\u00f3n y terminolog\u00eda (CETRATER). Las palabras de apertura estuvieron a cargo de la vicedecana Bibi Sibaldi que, a continuaci\u00f3n, brind\u00f3 una conferencia en torno a la pr\u00e1ctica de la traducci\u00f3n. El [&hellip;]<\/p>\n","protected":false},"author":3,"featured_media":9740,"comment_status":"closed","ping_status":"closed","sticky":false,"template":"","format":"standard","meta":{"footnotes":""},"categories":[8,33],"tags":[],"class_list":{"0":"post-9739","1":"post","2":"type-post","3":"status-publish","4":"format-standard","5":"has-post-thumbnail","6":"hentry","7":"category-eventos-academicos","8":"category-institutos","10":"post-with-thumbnail","11":"post-with-thumbnail-large"},"_links":{"self":[{"href":"https:\/\/filo.unt.edu.ar\/noticias\/wp-json\/wp\/v2\/posts\/9739","targetHints":{"allow":["GET"]}}],"collection":[{"href":"https:\/\/filo.unt.edu.ar\/noticias\/wp-json\/wp\/v2\/posts"}],"about":[{"href":"https:\/\/filo.unt.edu.ar\/noticias\/wp-json\/wp\/v2\/types\/post"}],"author":[{"embeddable":true,"href":"https:\/\/filo.unt.edu.ar\/noticias\/wp-json\/wp\/v2\/users\/3"}],"replies":[{"embeddable":true,"href":"https:\/\/filo.unt.edu.ar\/noticias\/wp-json\/wp\/v2\/comments?post=9739"}],"version-history":[{"count":1,"href":"https:\/\/filo.unt.edu.ar\/noticias\/wp-json\/wp\/v2\/posts\/9739\/revisions"}],"predecessor-version":[{"id":9741,"href":"https:\/\/filo.unt.edu.ar\/noticias\/wp-json\/wp\/v2\/posts\/9739\/revisions\/9741"}],"wp:featuredmedia":[{"embeddable":true,"href":"https:\/\/filo.unt.edu.ar\/noticias\/wp-json\/wp\/v2\/media\/9740"}],"wp:attachment":[{"href":"https:\/\/filo.unt.edu.ar\/noticias\/wp-json\/wp\/v2\/media?parent=9739"}],"wp:term":[{"taxonomy":"category","embeddable":true,"href":"https:\/\/filo.unt.edu.ar\/noticias\/wp-json\/wp\/v2\/categories?post=9739"},{"taxonomy":"post_tag","embeddable":true,"href":"https:\/\/filo.unt.edu.ar\/noticias\/wp-json\/wp\/v2\/tags?post=9739"}],"curies":[{"name":"wp","href":"https:\/\/api.w.org\/{rel}","templated":true}]}}