{"id":9705,"date":"2023-09-19T13:46:00","date_gmt":"2023-09-19T16:46:00","guid":{"rendered":"http:\/\/filo.unt.edu.ar\/noticias\/?p=9705"},"modified":"2023-10-12T19:35:13","modified_gmt":"2023-10-12T22:35:13","slug":"feria-del-libro-humanitas-2023","status":"publish","type":"post","link":"https:\/\/filo.unt.edu.ar\/noticias\/2023\/09\/19\/feria-del-libro-humanitas-2023\/","title":{"rendered":"Feria del Libro Humanitas  2023"},"content":{"rendered":"<p>La Feria del Libro Humanitas, uno de los eventos m\u00e1s destacados de la la Semana Cultural 2023 en la Facultad de Filosof\u00eda y Letras, atrajo a amantes de la literatura y la cultura el pasado 18 de septiembre. La feria se destac\u00f3 por su enfoque en la literatura y la creatividad, presentando una variedad de actividades y presentaciones literarias durante todo el d\u00eda.<\/p>\n<p>La jornada comenz\u00f3 a las 9 de la ma\u00f1ana con la apertura oficial de la Feria. La Directora Acad\u00e9mica de Publicaciones y sello editorial Humanitas, Elena Acevedo, dio inicio a la joranda, seguida por las palabras inaugurales de Sergio Robin, decano de nuestra Facultad. La atm\u00f3sfera se llen\u00f3 de m\u00fasica con un mini recital l\u00edrico a cargo de Enzo Vazquez, que interpret\u00f3 obras de Bellini, Puccini y Manuel de Falla.<\/p>\n<p>Los asistentes tuvieron la oportunidad de disfrutar de una variada gama de actividades, desde presentaciones de tesis y libros, hasta mesas de lectura y espacios para microrrelatos. La Feria tambi\u00e9n brind\u00f3 la oportunidad a estudiantes de Letras de presentar sus creaciones po\u00e9ticas, y se destac\u00f3 la presentaci\u00f3n de la Revista digital &#8220;Cartakuna&#8221;, un proyecto de estudiantes de esta carrera.<\/p>\n<p>Uno de los momentos m\u00e1s destacados del d\u00eda fue la presentaci\u00f3n del libro &#8220;Cuerpos en vigilancia: Las mujeres en las misiones jesu\u00edticas del Chaco&#8221; de la Doctora en Historia de Am\u00e9rica, Beatriz Vitar. El evento cont\u00f3 con la participaci\u00f3n de Olga Sulca y Liliana Soraire, quienes destacaron la importancia de la obra.<\/p>\n<p>El cierre de la Feria estuvo a cargo de la C\u00e1tedra de Producci\u00f3n Musical del ISMUNT, con una presentaci\u00f3n musical que deleit\u00f3 a los asistentes. Adem\u00e1s, durante toda la jornada, se ofrecieron talleres de escritura creativa, narrativa y poes\u00eda para los interesados en mejorar sus habilidades literarias.<\/p>\n<p>La Feria del Libro Humanitas en la Semana Cultural 2023 fue un gran \u00e9xito, uniendo a estudiantes, acad\u00e9micos y amantes de la literatura en un d\u00eda dedicado a la cultura y la creatividad. La diversidad de actividades y presentaciones literarias hizo de este evento una experiencia enriquecedora para todos los presentes. Sin duda, esta feria se ha convertido en una tradici\u00f3n anual que celebra la riqueza de la literatura y la pasi\u00f3n por la escritura.<\/p>\n<p><a href=\"https:\/\/www.facebook.com\/filount\/posts\/pfbid02HYD5EpcabPvPLFa9Ekux87Do1rWumY9bEiHXX5MYqT13FnhD9CJc9Ry1DYw8acKDl\" target=\"_blank\" rel=\"noopener\">Ver fotos.-<\/a><\/p>\n","protected":false},"excerpt":{"rendered":"<p>La Feria del Libro Humanitas, uno de los eventos m\u00e1s destacados de la la Semana Cultural 2023 en la Facultad de Filosof\u00eda y Letras, atrajo a amantes de la literatura y la cultura el pasado 18 de septiembre. La feria se destac\u00f3 por su enfoque en la literatura y la [&hellip;]<\/p>\n","protected":false},"author":101021,"featured_media":9706,"comment_status":"closed","ping_status":"closed","sticky":false,"template":"","format":"standard","meta":{"footnotes":""},"categories":[16,8,7,13],"tags":[],"class_list":{"0":"post-9705","1":"post","2":"type-post","3":"status-publish","4":"format-standard","5":"has-post-thumbnail","6":"hentry","7":"category-espacio-cultural","8":"category-eventos-academicos","9":"category-publicaciones","10":"category-semana-cultural","12":"post-with-thumbnail","13":"post-with-thumbnail-large"},"_links":{"self":[{"href":"https:\/\/filo.unt.edu.ar\/noticias\/wp-json\/wp\/v2\/posts\/9705","targetHints":{"allow":["GET"]}}],"collection":[{"href":"https:\/\/filo.unt.edu.ar\/noticias\/wp-json\/wp\/v2\/posts"}],"about":[{"href":"https:\/\/filo.unt.edu.ar\/noticias\/wp-json\/wp\/v2\/types\/post"}],"author":[{"embeddable":true,"href":"https:\/\/filo.unt.edu.ar\/noticias\/wp-json\/wp\/v2\/users\/101021"}],"replies":[{"embeddable":true,"href":"https:\/\/filo.unt.edu.ar\/noticias\/wp-json\/wp\/v2\/comments?post=9705"}],"version-history":[{"count":6,"href":"https:\/\/filo.unt.edu.ar\/noticias\/wp-json\/wp\/v2\/posts\/9705\/revisions"}],"predecessor-version":[{"id":9728,"href":"https:\/\/filo.unt.edu.ar\/noticias\/wp-json\/wp\/v2\/posts\/9705\/revisions\/9728"}],"wp:featuredmedia":[{"embeddable":true,"href":"https:\/\/filo.unt.edu.ar\/noticias\/wp-json\/wp\/v2\/media\/9706"}],"wp:attachment":[{"href":"https:\/\/filo.unt.edu.ar\/noticias\/wp-json\/wp\/v2\/media?parent=9705"}],"wp:term":[{"taxonomy":"category","embeddable":true,"href":"https:\/\/filo.unt.edu.ar\/noticias\/wp-json\/wp\/v2\/categories?post=9705"},{"taxonomy":"post_tag","embeddable":true,"href":"https:\/\/filo.unt.edu.ar\/noticias\/wp-json\/wp\/v2\/tags?post=9705"}],"curies":[{"name":"wp","href":"https:\/\/api.w.org\/{rel}","templated":true}]}}