{"id":9632,"date":"2023-09-15T19:56:39","date_gmt":"2023-09-15T22:56:39","guid":{"rendered":"http:\/\/filo.unt.edu.ar\/noticias\/?p=9632"},"modified":"2023-10-09T20:04:16","modified_gmt":"2023-10-09T23:04:16","slug":"estudiantes-de-ingles-tuvieron-su-immersion-day","status":"publish","type":"post","link":"https:\/\/filo.unt.edu.ar\/noticias\/2023\/09\/15\/estudiantes-de-ingles-tuvieron-su-immersion-day\/","title":{"rendered":"Estudiantes de Ingl\u00e9s tuvieron su &#8220;Immersion day&#8221;"},"content":{"rendered":"<p dir=\"auto\">El viernes 15, m\u00e1s de 150 estudiantes de Ingl\u00e9s de nuestra Facultad, junto con sus docentes, realizaron un d\u00eda de inmersi\u00f3n ling\u00fc\u00edstica en una convivencia en el camping municipal del Parque 9 de Julio.<\/p>\n<p dir=\"auto\">La propuesta, organizada por segundo a\u00f1o consecutivo por la c\u00e1tedra de Lengua Inglesa I, tiene como objetivo que el estudiante escuche y hable el segundo idioma durante la totalidad de la estancia para que pueda aprenderlo con mayor rapidez al estar conviviendo con personas que hablan exclusivamente esa lengua.<\/p>\n<p dir=\"auto\">&#8220;Espero que contin\u00fae organiz\u00e1ndose. Es una manera incre\u00edble de conectar con otras personas, divertirse, relajarse y sentirse bienvenidx dentro de la Facultad. Para unx ingresante de primer a\u00f1o, una experiencia as\u00ed de c\u00e1lida es invaluable&#8221;, fue uno de los testimonios recabados en una encuesta elaborada desde la organizaci\u00f3n.&nbsp; Como este, otros comentarios destacaron el clima de camarader\u00eda, la buena organizaci\u00f3n, lo valioso de poder socializar en un marco distendido.<\/p>\n<p dir=\"auto\"><a href=\"https:\/\/www.facebook.com\/filount\/posts\/pfbid02CUm3LYirYoL7n5Y7vFrTRBaKbTXqF3VuHBHLkH2xkCpK2fqYFgzV5TnGPzN16Ctsl\" target=\"_blank\" rel=\"noopener\">Ver fotos<\/a><\/p>\n<div dir=\"auto\"><\/div>\n","protected":false},"excerpt":{"rendered":"<p>El viernes 15, m\u00e1s de 150 estudiantes de Ingl\u00e9s de nuestra Facultad, junto con sus docentes, realizaron un d\u00eda de inmersi\u00f3n ling\u00fc\u00edstica en una convivencia en el camping municipal del Parque 9 de Julio. La propuesta, organizada por segundo a\u00f1o consecutivo por la c\u00e1tedra de Lengua Inglesa I, tiene como [&hellip;]<\/p>\n","protected":false},"author":3,"featured_media":9633,"comment_status":"closed","ping_status":"closed","sticky":false,"template":"","format":"standard","meta":{"footnotes":""},"categories":[34,19],"tags":[],"class_list":{"0":"post-9632","1":"post","2":"type-post","3":"status-publish","4":"format-standard","5":"has-post-thumbnail","6":"hentry","7":"category-catedras","8":"category-departamentos","10":"post-with-thumbnail","11":"post-with-thumbnail-large"},"_links":{"self":[{"href":"https:\/\/filo.unt.edu.ar\/noticias\/wp-json\/wp\/v2\/posts\/9632","targetHints":{"allow":["GET"]}}],"collection":[{"href":"https:\/\/filo.unt.edu.ar\/noticias\/wp-json\/wp\/v2\/posts"}],"about":[{"href":"https:\/\/filo.unt.edu.ar\/noticias\/wp-json\/wp\/v2\/types\/post"}],"author":[{"embeddable":true,"href":"https:\/\/filo.unt.edu.ar\/noticias\/wp-json\/wp\/v2\/users\/3"}],"replies":[{"embeddable":true,"href":"https:\/\/filo.unt.edu.ar\/noticias\/wp-json\/wp\/v2\/comments?post=9632"}],"version-history":[{"count":2,"href":"https:\/\/filo.unt.edu.ar\/noticias\/wp-json\/wp\/v2\/posts\/9632\/revisions"}],"predecessor-version":[{"id":9635,"href":"https:\/\/filo.unt.edu.ar\/noticias\/wp-json\/wp\/v2\/posts\/9632\/revisions\/9635"}],"wp:featuredmedia":[{"embeddable":true,"href":"https:\/\/filo.unt.edu.ar\/noticias\/wp-json\/wp\/v2\/media\/9633"}],"wp:attachment":[{"href":"https:\/\/filo.unt.edu.ar\/noticias\/wp-json\/wp\/v2\/media?parent=9632"}],"wp:term":[{"taxonomy":"category","embeddable":true,"href":"https:\/\/filo.unt.edu.ar\/noticias\/wp-json\/wp\/v2\/categories?post=9632"},{"taxonomy":"post_tag","embeddable":true,"href":"https:\/\/filo.unt.edu.ar\/noticias\/wp-json\/wp\/v2\/tags?post=9632"}],"curies":[{"name":"wp","href":"https:\/\/api.w.org\/{rel}","templated":true}]}}