{"id":9617,"date":"2023-09-15T13:34:44","date_gmt":"2023-09-15T16:34:44","guid":{"rendered":"http:\/\/filo.unt.edu.ar\/noticias\/?p=9617"},"modified":"2023-10-09T13:37:50","modified_gmt":"2023-10-09T16:37:50","slug":"nueva-edicion-del-filo-vibra","status":"publish","type":"post","link":"https:\/\/filo.unt.edu.ar\/noticias\/2023\/09\/15\/nueva-edicion-del-filo-vibra\/","title":{"rendered":"Nueva Edici\u00f3n del Filo Vibra"},"content":{"rendered":"<p>En conmemoraci\u00f3n de los 40 a\u00f1os de la Democracia, el 14 y 15 de septiembre,&nbsp; se realiz\u00f3 la 5ta edici\u00f3n del ya tradicional Festival &#8220;Filo vibra&#8221;, organizado desde el Espacio Cultural, bajo la coordinaci\u00f3n de Jos\u00e9 Ramos.<\/p>\n<p>Fueron dos d\u00edas de festejo, con artistas, feriantes, foodtrucks, editoriales independientes y mucho m\u00e1s. Subieron al escenario DJ Patxi, Blanto, Juana Hells, Maze2k, Giulia, Mito 442, Kiki Session, Gorda Resucitada, DJ Nicco Di Croce, Chakana, Vuelen los p\u00e1jaros, La llorona y su jard\u00edn de dragones, SAN, Los ni\u00f1os del Latin Jazz, La verdulera y DJ Gabo Monky.<\/p>\n<p>Asistieron estudiantes, no docentes, docentes y autoridades de la Facultad: el decano, Sergio Robin; la viecedecana, Bibi Sibaldi; entre otras. Tambi\u00e9n se acercaron el Rector de la UNT, Sergio Pagani; y la vicerectora, Mercedes Leal.<\/p>\n<p><a href=\"https:\/\/www.facebook.com\/filount\/posts\/pfbid0AS3pGEatzwt8WP1bYKPGjthGFnQua5HWaF1jfBmDYvanSXk14AAFx3AxVhgBn9Fcl\" target=\"_blank\" rel=\"noopener\">Ver fotos<\/a><\/p>\n<p><a href=\"https:\/\/www.facebook.com\/filount\/posts\/pfbid0GT5u9CMhugLkCgUR13x59CcDHB1aWdP334d2kZUASnbdGxUf9is7wbBERExRCsLel\" target=\"_blank\" rel=\"noopener\">Ver fotos<\/a><\/p>\n","protected":false},"excerpt":{"rendered":"<p>En conmemoraci\u00f3n de los 40 a\u00f1os de la Democracia, el 14 y 15 de septiembre,&nbsp; se realiz\u00f3 la 5ta edici\u00f3n del ya tradicional Festival &#8220;Filo vibra&#8221;, organizado desde el Espacio Cultural, bajo la coordinaci\u00f3n de Jos\u00e9 Ramos. Fueron dos d\u00edas de festejo, con artistas, feriantes, foodtrucks, editoriales independientes y mucho [&hellip;]<\/p>\n","protected":false},"author":3,"featured_media":9622,"comment_status":"closed","ping_status":"closed","sticky":false,"template":"","format":"standard","meta":{"footnotes":""},"categories":[16,6],"tags":[],"class_list":{"0":"post-9617","1":"post","2":"type-post","3":"status-publish","4":"format-standard","5":"has-post-thumbnail","6":"hentry","7":"category-espacio-cultural","8":"category-extension","10":"post-with-thumbnail","11":"post-with-thumbnail-large"},"_links":{"self":[{"href":"https:\/\/filo.unt.edu.ar\/noticias\/wp-json\/wp\/v2\/posts\/9617","targetHints":{"allow":["GET"]}}],"collection":[{"href":"https:\/\/filo.unt.edu.ar\/noticias\/wp-json\/wp\/v2\/posts"}],"about":[{"href":"https:\/\/filo.unt.edu.ar\/noticias\/wp-json\/wp\/v2\/types\/post"}],"author":[{"embeddable":true,"href":"https:\/\/filo.unt.edu.ar\/noticias\/wp-json\/wp\/v2\/users\/3"}],"replies":[{"embeddable":true,"href":"https:\/\/filo.unt.edu.ar\/noticias\/wp-json\/wp\/v2\/comments?post=9617"}],"version-history":[{"count":2,"href":"https:\/\/filo.unt.edu.ar\/noticias\/wp-json\/wp\/v2\/posts\/9617\/revisions"}],"predecessor-version":[{"id":9620,"href":"https:\/\/filo.unt.edu.ar\/noticias\/wp-json\/wp\/v2\/posts\/9617\/revisions\/9620"}],"wp:featuredmedia":[{"embeddable":true,"href":"https:\/\/filo.unt.edu.ar\/noticias\/wp-json\/wp\/v2\/media\/9622"}],"wp:attachment":[{"href":"https:\/\/filo.unt.edu.ar\/noticias\/wp-json\/wp\/v2\/media?parent=9617"}],"wp:term":[{"taxonomy":"category","embeddable":true,"href":"https:\/\/filo.unt.edu.ar\/noticias\/wp-json\/wp\/v2\/categories?post=9617"},{"taxonomy":"post_tag","embeddable":true,"href":"https:\/\/filo.unt.edu.ar\/noticias\/wp-json\/wp\/v2\/tags?post=9617"}],"curies":[{"name":"wp","href":"https:\/\/api.w.org\/{rel}","templated":true}]}}