{"id":9601,"date":"2023-09-09T12:22:11","date_gmt":"2023-09-09T15:22:11","guid":{"rendered":"http:\/\/filo.unt.edu.ar\/noticias\/?p=9601"},"modified":"2023-10-09T13:10:32","modified_gmt":"2023-10-09T16:10:32","slug":"cafe-literario-y-cultural-del-virla-4","status":"publish","type":"post","link":"https:\/\/filo.unt.edu.ar\/noticias\/2023\/09\/09\/cafe-literario-y-cultural-del-virla-4\/","title":{"rendered":"Caf\u00e9 literario y Cultural del Virla"},"content":{"rendered":"<p class=\"x11i5rnm xat24cr x1mh8g0r x1vvkbs xtlvy1s x126k92a\"><span style=\"font-size: revert;color: initial\">El s\u00e1bado 9 se celebr\u00f3 un encuentro m\u00e1s del Caf\u00e9 Literario y Cultural del Virla. Como en ediciones anteriores, hubo un repertorio variado de escritores locales y de los alrededores que compartireron sus\u00a0 producciones literarias. En esta oportunidad fue el turno de <\/span><span style=\"font-size: revert;color: initial\">Gilda Isaac, Teresa Mimi Gerez, Orlando Romano, Facundo I\u00f1iguez, Sylvina Bach. Se destac\u00f3 la partipaci\u00f3n de Francisco Aveda\u00f1o, quien sumergi\u00f3 al p\u00fablico presente en su universo literario.<\/span><\/p>\n<p class=\"x11i5rnm xat24cr x1mh8g0r x1vvkbs xtlvy1s x126k92a\">El encuentro busc\u00f3 celebrar la magia y la esencia del ser humano a trav\u00e9s de la palabra, generando un espacio para la reflexi\u00f3n. El poder de la palabra permite tejer realidades y reflexionar sobre el mundo que nos rodea. El lenguaje se convierte en el eje central del Caf\u00e9 Literario y Cultural organizado y coordinado por el Dr. Guillermo Siles.<\/p>\n<p class=\"x11i5rnm xat24cr x1mh8g0r x1vvkbs xtlvy1s x126k92a\"><a style=\"font-size: revert\" href=\"https:\/\/www.facebook.com\/filount\/posts\/pfbid02EgD1dprk7ZEyzVA2LT8ph9bFi1YEs7u7BVLBZ6AW9Du12Ctmq2kgi2LtCRSiKwXwl\" target=\"_blank\" rel=\"noopener\">Ver fotos<\/a><\/p>\n","protected":false},"excerpt":{"rendered":"<p>El s\u00e1bado 9 se celebr\u00f3 un encuentro m\u00e1s del Caf\u00e9 Literario y Cultural del Virla. Como en ediciones anteriores, hubo un repertorio variado de escritores locales y de los alrededores que compartireron sus\u00a0 producciones literarias. En esta oportunidad fue el turno de Gilda Isaac, Teresa Mimi Gerez, Orlando Romano, Facundo [&hellip;]<\/p>\n","protected":false},"author":3,"featured_media":9602,"comment_status":"closed","ping_status":"closed","sticky":false,"template":"","format":"standard","meta":{"footnotes":""},"categories":[6],"tags":[],"class_list":{"0":"post-9601","1":"post","2":"type-post","3":"status-publish","4":"format-standard","5":"has-post-thumbnail","6":"hentry","7":"category-extension","9":"post-with-thumbnail","10":"post-with-thumbnail-large"},"_links":{"self":[{"href":"https:\/\/filo.unt.edu.ar\/noticias\/wp-json\/wp\/v2\/posts\/9601","targetHints":{"allow":["GET"]}}],"collection":[{"href":"https:\/\/filo.unt.edu.ar\/noticias\/wp-json\/wp\/v2\/posts"}],"about":[{"href":"https:\/\/filo.unt.edu.ar\/noticias\/wp-json\/wp\/v2\/types\/post"}],"author":[{"embeddable":true,"href":"https:\/\/filo.unt.edu.ar\/noticias\/wp-json\/wp\/v2\/users\/3"}],"replies":[{"embeddable":true,"href":"https:\/\/filo.unt.edu.ar\/noticias\/wp-json\/wp\/v2\/comments?post=9601"}],"version-history":[{"count":5,"href":"https:\/\/filo.unt.edu.ar\/noticias\/wp-json\/wp\/v2\/posts\/9601\/revisions"}],"predecessor-version":[{"id":9616,"href":"https:\/\/filo.unt.edu.ar\/noticias\/wp-json\/wp\/v2\/posts\/9601\/revisions\/9616"}],"wp:featuredmedia":[{"embeddable":true,"href":"https:\/\/filo.unt.edu.ar\/noticias\/wp-json\/wp\/v2\/media\/9602"}],"wp:attachment":[{"href":"https:\/\/filo.unt.edu.ar\/noticias\/wp-json\/wp\/v2\/media?parent=9601"}],"wp:term":[{"taxonomy":"category","embeddable":true,"href":"https:\/\/filo.unt.edu.ar\/noticias\/wp-json\/wp\/v2\/categories?post=9601"},{"taxonomy":"post_tag","embeddable":true,"href":"https:\/\/filo.unt.edu.ar\/noticias\/wp-json\/wp\/v2\/tags?post=9601"}],"curies":[{"name":"wp","href":"https:\/\/api.w.org\/{rel}","templated":true}]}}