{"id":9597,"date":"2023-09-13T12:12:09","date_gmt":"2023-09-13T15:12:09","guid":{"rendered":"http:\/\/filo.unt.edu.ar\/noticias\/?p=9597"},"modified":"2023-10-12T10:42:28","modified_gmt":"2023-10-12T13:42:28","slug":"conferencia-las-calles-andan-diciendo","status":"publish","type":"post","link":"https:\/\/filo.unt.edu.ar\/noticias\/2023\/09\/13\/conferencia-las-calles-andan-diciendo\/","title":{"rendered":"Conferencia &#8220;Las calles andan diciendo&#8221;"},"content":{"rendered":"<div class=\"x11i5rnm xat24cr x1mh8g0r x1vvkbs xtlvy1s x126k92a\">\n<p dir=\"auto\">El mi\u00e9rcoles 13, la Dra. Patricia Calvelo (UNJu) ofreci\u00f3 la Conferencia &#8220;Las calles andan diciendo. Una mirada al paisaje ling\u00fc\u00edstico de San Salvador de Jujuy, organizada por el Proyecto PIUNT \u201cDiscursos, archivos y territorio. Un cruce de lenguajes y textualidades en torno a Tucum\u00e1n, siglos XVI-XX y sus proyecciones\u201d y el Instituto del Profesorado Gral. San Mart\u00edn, lugar en el que se realiz\u00f3.<\/p>\n<\/div>\n<p dir=\"auto\">La disertaci\u00f3n gir\u00f3 en torno al concepto de &#8216;paisaje ling\u00fc\u00edstico&#8217;, trabajado desde la ciudad de San Salvador de Jujuy, y permiti\u00f3 a los presentes, estudiantes del Instituto organizador, reflexionar sobre las formas en las que transitamos y vivimos el espacio p\u00fablico, donde la carteler\u00eda y los signos impresos en \u00e9l van configurando la identidad del \u00e1mbito urbano.<\/p>\n<p dir=\"auto\">Cabe destacar la importancia del intercambio de saberes y la relaci\u00f3n institucional que se estableci\u00f3, desde principio de a\u00f1o, entre el Instituto Gral. San Mart\u00edn y la Facultad de Filosof\u00eda y Letras, a trav\u00e9s de proyecto de investigaci\u00f3n antes mencionado, y que proyecta profundizarse en 2024.<\/p>\n<div dir=\"auto\"><a href=\"https:\/\/www.facebook.com\/filount\/posts\/pfbid0DqwMuUAXCvZdC3qvtfNskQ8TZCsLn84D2jpLAHgpoH7LgWgKynb5x6vFMdSSFRXvl\" target=\"_blank\" rel=\"noopener\">Ver fotos<\/a><\/div>\n","protected":false},"excerpt":{"rendered":"<p>El mi\u00e9rcoles 13, la Dra. Patricia Calvelo (UNJu) ofreci\u00f3 la Conferencia &#8220;Las calles andan diciendo. Una mirada al paisaje ling\u00fc\u00edstico de San Salvador de Jujuy, organizada por el Proyecto PIUNT \u201cDiscursos, archivos y territorio. Un cruce de lenguajes y textualidades en torno a Tucum\u00e1n, siglos XVI-XX y sus proyecciones\u201d y [&hellip;]<\/p>\n","protected":false},"author":3,"featured_media":9598,"comment_status":"closed","ping_status":"closed","sticky":false,"template":"","format":"standard","meta":{"footnotes":""},"categories":[8,18],"tags":[],"class_list":{"0":"post-9597","1":"post","2":"type-post","3":"status-publish","4":"format-standard","5":"has-post-thumbnail","6":"hentry","7":"category-eventos-academicos","8":"category-investigacion","10":"post-with-thumbnail","11":"post-with-thumbnail-large"},"_links":{"self":[{"href":"https:\/\/filo.unt.edu.ar\/noticias\/wp-json\/wp\/v2\/posts\/9597","targetHints":{"allow":["GET"]}}],"collection":[{"href":"https:\/\/filo.unt.edu.ar\/noticias\/wp-json\/wp\/v2\/posts"}],"about":[{"href":"https:\/\/filo.unt.edu.ar\/noticias\/wp-json\/wp\/v2\/types\/post"}],"author":[{"embeddable":true,"href":"https:\/\/filo.unt.edu.ar\/noticias\/wp-json\/wp\/v2\/users\/3"}],"replies":[{"embeddable":true,"href":"https:\/\/filo.unt.edu.ar\/noticias\/wp-json\/wp\/v2\/comments?post=9597"}],"version-history":[{"count":2,"href":"https:\/\/filo.unt.edu.ar\/noticias\/wp-json\/wp\/v2\/posts\/9597\/revisions"}],"predecessor-version":[{"id":9607,"href":"https:\/\/filo.unt.edu.ar\/noticias\/wp-json\/wp\/v2\/posts\/9597\/revisions\/9607"}],"wp:featuredmedia":[{"embeddable":true,"href":"https:\/\/filo.unt.edu.ar\/noticias\/wp-json\/wp\/v2\/media\/9598"}],"wp:attachment":[{"href":"https:\/\/filo.unt.edu.ar\/noticias\/wp-json\/wp\/v2\/media?parent=9597"}],"wp:term":[{"taxonomy":"category","embeddable":true,"href":"https:\/\/filo.unt.edu.ar\/noticias\/wp-json\/wp\/v2\/categories?post=9597"},{"taxonomy":"post_tag","embeddable":true,"href":"https:\/\/filo.unt.edu.ar\/noticias\/wp-json\/wp\/v2\/tags?post=9597"}],"curies":[{"name":"wp","href":"https:\/\/api.w.org\/{rel}","templated":true}]}}