{"id":9579,"date":"2023-09-08T11:08:53","date_gmt":"2023-09-08T14:08:53","guid":{"rendered":"http:\/\/filo.unt.edu.ar\/noticias\/?p=9579"},"modified":"2023-10-09T11:33:49","modified_gmt":"2023-10-09T14:33:49","slug":"conversatorio-mujeres-indigenas-desafios-actuales-al-interior-de-sus-comunidades","status":"publish","type":"post","link":"https:\/\/filo.unt.edu.ar\/noticias\/2023\/09\/08\/conversatorio-mujeres-indigenas-desafios-actuales-al-interior-de-sus-comunidades\/","title":{"rendered":"Conversatorio &#8220;Mujeres Ind\u00edgenas: desaf\u00edos actuales al interior de sus comunidades&#8221;"},"content":{"rendered":"<div class=\"x11i5rnm xat24cr x1mh8g0r x1vvkbs xtlvy1s x126k92a\">\n<p dir=\"auto\">El viernes 8 se llev\u00f3 a cabo el Conversatorio &#8220;Mujeres Ind\u00edgenas: desaf\u00edos actuales al interior de sus comunidades&#8221;, con la invitada especial: Sra. Celia Andrade,&nbsp;integrante de la Comunidad ind\u00edgena de Amaicha del Valle- Tucum\u00e1n.<\/p>\n<p dir=\"auto\">La actividad fue realizada en el marco de la celebraci\u00f3n del d\u00eda la Mujer Ind\u00edgena, y organizada por la C\u00e1tedra de &#8220;Historia Ind\u00edgena americana y extra americana&#8221; (Historia); C\u00e1tedra Libre Pueblos Originarios, Instituto de Rescate y Revalorizaci\u00f3n del Patrimonio Cultural (CERPACU), C\u00e1tedra de Ling\u00fc\u00edstica General II (Letras) y el Proyecto Archivo Hist\u00f3rico- Patrimonial de la Facultad de Filosof\u00eda y Letras.<\/p>\n<\/div>\n<p dir=\"auto\"><a href=\"https:\/\/www.facebook.com\/filount\/posts\/pfbid023mmjpBBsvh7eDqKfHvRrNiNd4auJAd6FVFspbp8hR7c8c8BfZQEHtuz9MGBCULsel\" target=\"_blank\" rel=\"noopener\">Ver fotos<\/a><\/p>\n","protected":false},"excerpt":{"rendered":"<p>El viernes 8 se llev\u00f3 a cabo el Conversatorio &#8220;Mujeres Ind\u00edgenas: desaf\u00edos actuales al interior de sus comunidades&#8221;, con la invitada especial: Sra. Celia Andrade,&nbsp;integrante de la Comunidad ind\u00edgena de Amaicha del Valle- Tucum\u00e1n. La actividad fue realizada en el marco de la celebraci\u00f3n del d\u00eda la Mujer Ind\u00edgena, y [&hellip;]<\/p>\n","protected":false},"author":3,"featured_media":9580,"comment_status":"closed","ping_status":"closed","sticky":false,"template":"","format":"standard","meta":{"footnotes":""},"categories":[8,18],"tags":[],"class_list":{"0":"post-9579","1":"post","2":"type-post","3":"status-publish","4":"format-standard","5":"has-post-thumbnail","6":"hentry","7":"category-eventos-academicos","8":"category-investigacion","10":"post-with-thumbnail","11":"post-with-thumbnail-large"},"_links":{"self":[{"href":"https:\/\/filo.unt.edu.ar\/noticias\/wp-json\/wp\/v2\/posts\/9579","targetHints":{"allow":["GET"]}}],"collection":[{"href":"https:\/\/filo.unt.edu.ar\/noticias\/wp-json\/wp\/v2\/posts"}],"about":[{"href":"https:\/\/filo.unt.edu.ar\/noticias\/wp-json\/wp\/v2\/types\/post"}],"author":[{"embeddable":true,"href":"https:\/\/filo.unt.edu.ar\/noticias\/wp-json\/wp\/v2\/users\/3"}],"replies":[{"embeddable":true,"href":"https:\/\/filo.unt.edu.ar\/noticias\/wp-json\/wp\/v2\/comments?post=9579"}],"version-history":[{"count":2,"href":"https:\/\/filo.unt.edu.ar\/noticias\/wp-json\/wp\/v2\/posts\/9579\/revisions"}],"predecessor-version":[{"id":9582,"href":"https:\/\/filo.unt.edu.ar\/noticias\/wp-json\/wp\/v2\/posts\/9579\/revisions\/9582"}],"wp:featuredmedia":[{"embeddable":true,"href":"https:\/\/filo.unt.edu.ar\/noticias\/wp-json\/wp\/v2\/media\/9580"}],"wp:attachment":[{"href":"https:\/\/filo.unt.edu.ar\/noticias\/wp-json\/wp\/v2\/media?parent=9579"}],"wp:term":[{"taxonomy":"category","embeddable":true,"href":"https:\/\/filo.unt.edu.ar\/noticias\/wp-json\/wp\/v2\/categories?post=9579"},{"taxonomy":"post_tag","embeddable":true,"href":"https:\/\/filo.unt.edu.ar\/noticias\/wp-json\/wp\/v2\/tags?post=9579"}],"curies":[{"name":"wp","href":"https:\/\/api.w.org\/{rel}","templated":true}]}}