{"id":954,"date":"2016-12-21T13:00:54","date_gmt":"2016-12-21T16:00:54","guid":{"rendered":"http:\/\/filo.unt.edu.ar\/noticias\/?p=954"},"modified":"2016-12-21T13:01:56","modified_gmt":"2016-12-21T16:01:56","slug":"la-facultad-firmo-un-acuerdo-con-el-municipio-de-la-banda-del-rio-sali","status":"publish","type":"post","link":"https:\/\/filo.unt.edu.ar\/noticias\/2016\/12\/21\/la-facultad-firmo-un-acuerdo-con-el-municipio-de-la-banda-del-rio-sali\/","title":{"rendered":"La Facultad firm\u00f3 un acuerdo con el Municipio de la Banda del Rio Sal\u00ed"},"content":{"rendered":"<div id=\"pl-954\"  class=\"panel-layout\"><div id=\"pg-954-0\"  class=\"panel-grid panel-no-style\"><div id=\"pgc-954-0-0\"  class=\"panel-grid-cell\"><div id=\"panel-954-0-0-0\" class=\"so-panel widget widget_black-studio-tinymce widget_black_studio_tinymce panel-first-child panel-last-child\" data-index=\"0\"><div class=\"textwidget\"><p>El lunes 19 de diciembre, la Dra. Mercedes Leal, Decana de la Facultad de Filosof\u00eda y Letras firm\u00f3 una carta acuerdo con la Municipalidad de la Banda del R\u00edo Sal\u00ed, con el objeto de profundizar la construcci\u00f3n de perfil poblacional de la localidad Estaci\u00f3n Pacar\u00e1, mediante relevamiento f\u00edsico y social, acci\u00f3n solicitada por Gobierno Local.<br \/>\n<\/p><\/div><\/div><\/div><\/div><\/div><p><a class=\"more-link\" href=\"https:\/\/filo.unt.edu.ar\/noticias\/2016\/12\/21\/la-facultad-firmo-un-acuerdo-con-el-municipio-de-la-banda-del-rio-sali\/\">Continuar leyendo<span class=\"meta-nav\">&rarr;<\/span><\/a><\/p>","protected":false},"excerpt":{"rendered":"<p>El lunes 19 de diciembre, la Dra. Mercedes Leal, Decana de la Facultad de Filosof\u00eda y Letras firm\u00f3 una carta acuerdo con la Municipalidad de la Banda del R\u00edo Sal\u00ed, con el objeto de profundizar la construcci\u00f3n de perfil poblacional de la localidad Estaci\u00f3n Pacar\u00e1, mediante relevamiento f\u00edsico y social, [&hellip;]<\/p>\n","protected":false},"author":3,"featured_media":958,"comment_status":"closed","ping_status":"closed","sticky":false,"template":"","format":"standard","meta":{"footnotes":""},"categories":[6,12],"tags":[],"class_list":{"0":"post-954","1":"post","2":"type-post","3":"status-publish","4":"format-standard","5":"has-post-thumbnail","6":"hentry","7":"category-extension","8":"category-gestion","10":"post-with-thumbnail","11":"post-with-thumbnail-large"},"_links":{"self":[{"href":"https:\/\/filo.unt.edu.ar\/noticias\/wp-json\/wp\/v2\/posts\/954","targetHints":{"allow":["GET"]}}],"collection":[{"href":"https:\/\/filo.unt.edu.ar\/noticias\/wp-json\/wp\/v2\/posts"}],"about":[{"href":"https:\/\/filo.unt.edu.ar\/noticias\/wp-json\/wp\/v2\/types\/post"}],"author":[{"embeddable":true,"href":"https:\/\/filo.unt.edu.ar\/noticias\/wp-json\/wp\/v2\/users\/3"}],"replies":[{"embeddable":true,"href":"https:\/\/filo.unt.edu.ar\/noticias\/wp-json\/wp\/v2\/comments?post=954"}],"version-history":[{"count":4,"href":"https:\/\/filo.unt.edu.ar\/noticias\/wp-json\/wp\/v2\/posts\/954\/revisions"}],"predecessor-version":[{"id":998,"href":"https:\/\/filo.unt.edu.ar\/noticias\/wp-json\/wp\/v2\/posts\/954\/revisions\/998"}],"wp:featuredmedia":[{"embeddable":true,"href":"https:\/\/filo.unt.edu.ar\/noticias\/wp-json\/wp\/v2\/media\/958"}],"wp:attachment":[{"href":"https:\/\/filo.unt.edu.ar\/noticias\/wp-json\/wp\/v2\/media?parent=954"}],"wp:term":[{"taxonomy":"category","embeddable":true,"href":"https:\/\/filo.unt.edu.ar\/noticias\/wp-json\/wp\/v2\/categories?post=954"},{"taxonomy":"post_tag","embeddable":true,"href":"https:\/\/filo.unt.edu.ar\/noticias\/wp-json\/wp\/v2\/tags?post=954"}],"curies":[{"name":"wp","href":"https:\/\/api.w.org\/{rel}","templated":true}]}}