{"id":9454,"date":"2023-09-23T13:56:46","date_gmt":"2023-09-23T16:56:46","guid":{"rendered":"http:\/\/filo.unt.edu.ar\/noticias\/?p=9454"},"modified":"2023-10-12T20:18:58","modified_gmt":"2023-10-12T23:18:58","slug":"semanacultural2023-fiesta-del-estudiante","status":"publish","type":"post","link":"https:\/\/filo.unt.edu.ar\/noticias\/2023\/09\/23\/semanacultural2023-fiesta-del-estudiante\/","title":{"rendered":"Fiesta del estudiante"},"content":{"rendered":"<p dir=\"auto\">El s\u00e1bado 23, m\u00e1s de 6000 estudiantes festejaron su d\u00eda en los merenderos y espacios verdes de Filo.<\/p>\n<p dir=\"auto\">Bajo el lema &#8220;En defensa de la Universidad P\u00fablica&#8221; y en un clima de camarader\u00eda, estudiantes de toda la UNT participaron de una jornada de celebraci\u00f3n.<\/p>\n<p dir=\"auto\">La celebraci\u00f3n implic\u00f3 un trabajo coordinado entre la gesti\u00f3n de la Facultad, a trav\u00e9s de su coordinador de asuntos estudiantiles, Jos\u00e9 Rivera; el Centro de Estudiante y agrupaciones estudiantiles de la Facultad. Es gracias al intenso trabajo de estas partes que la fiesta puede ser un momento de festejo y alegr\u00eda.<\/p>\n<p dir=\"auto\">Como ya es tradici\u00f3n, la entrada era un alimento no perecedero, que fue destinado a los espacios &#8220;Creando Sonrisas&#8221; y &#8220;Primero los ni\u00f1os&#8221;, organizaciones que se dedican a acompa\u00f1ar a sectores vulnerables.<\/p>\n<p dir=\"auto\">Fue muy importante la presencia del Servicio de Emergencia 107 y del coordinador del INADI Tucum\u00e1n, y la colaboraci\u00f3n del personal no docente de la Facultad.<\/p>\n<p dir=\"auto\">Finalmente, es menester destacar, <span style=\"color: initial\">a 40 a\u00f1os de Democracia, que esta Fiesta viene realiz\u00e1ndose desde su vuelta.<\/span><\/p>\n<div dir=\"auto\"><\/div>\n<div dir=\"auto\"><a href=\"https:\/\/www.facebook.com\/filount\/posts\/pfbid0x8ns3LCLUN7Vg6X92E5KAKQuYnPhJ82nGSnTeviUSnh9TKPLUXgcfaRJ2Ew7tk13l\" target=\"_blank\" rel=\"noopener\">Ver fotos<\/a><\/div>\n","protected":false},"excerpt":{"rendered":"<p>El s\u00e1bado 23, m\u00e1s de 6000 estudiantes festejaron su d\u00eda en los merenderos y espacios verdes de Filo. Bajo el lema &#8220;En defensa de la Universidad P\u00fablica&#8221; y en un clima de camarader\u00eda, estudiantes de toda la UNT participaron de una jornada de celebraci\u00f3n. La celebraci\u00f3n implic\u00f3 un trabajo coordinado [&hellip;]<\/p>\n","protected":false},"author":3,"featured_media":9455,"comment_status":"closed","ping_status":"closed","sticky":false,"template":"","format":"standard","meta":{"footnotes":""},"categories":[26,14,13],"tags":[],"class_list":{"0":"post-9454","1":"post","2":"type-post","3":"status-publish","4":"format-standard","5":"has-post-thumbnail","6":"hentry","7":"category-asuntos-estudiantiles","8":"category-destacadas","9":"category-semana-cultural","11":"post-with-thumbnail","12":"post-with-thumbnail-large"},"_links":{"self":[{"href":"https:\/\/filo.unt.edu.ar\/noticias\/wp-json\/wp\/v2\/posts\/9454","targetHints":{"allow":["GET"]}}],"collection":[{"href":"https:\/\/filo.unt.edu.ar\/noticias\/wp-json\/wp\/v2\/posts"}],"about":[{"href":"https:\/\/filo.unt.edu.ar\/noticias\/wp-json\/wp\/v2\/types\/post"}],"author":[{"embeddable":true,"href":"https:\/\/filo.unt.edu.ar\/noticias\/wp-json\/wp\/v2\/users\/3"}],"replies":[{"embeddable":true,"href":"https:\/\/filo.unt.edu.ar\/noticias\/wp-json\/wp\/v2\/comments?post=9454"}],"version-history":[{"count":3,"href":"https:\/\/filo.unt.edu.ar\/noticias\/wp-json\/wp\/v2\/posts\/9454\/revisions"}],"predecessor-version":[{"id":9663,"href":"https:\/\/filo.unt.edu.ar\/noticias\/wp-json\/wp\/v2\/posts\/9454\/revisions\/9663"}],"wp:featuredmedia":[{"embeddable":true,"href":"https:\/\/filo.unt.edu.ar\/noticias\/wp-json\/wp\/v2\/media\/9455"}],"wp:attachment":[{"href":"https:\/\/filo.unt.edu.ar\/noticias\/wp-json\/wp\/v2\/media?parent=9454"}],"wp:term":[{"taxonomy":"category","embeddable":true,"href":"https:\/\/filo.unt.edu.ar\/noticias\/wp-json\/wp\/v2\/categories?post=9454"},{"taxonomy":"post_tag","embeddable":true,"href":"https:\/\/filo.unt.edu.ar\/noticias\/wp-json\/wp\/v2\/tags?post=9454"}],"curies":[{"name":"wp","href":"https:\/\/api.w.org\/{rel}","templated":true}]}}