{"id":9415,"date":"2023-09-01T11:17:36","date_gmt":"2023-09-01T14:17:36","guid":{"rendered":"http:\/\/filo.unt.edu.ar\/noticias\/?p=9415"},"modified":"2023-10-09T11:18:39","modified_gmt":"2023-10-09T14:18:39","slug":"debate-filosofico-cada-cual-tiene-un-trip-en-el-bocho","status":"publish","type":"post","link":"https:\/\/filo.unt.edu.ar\/noticias\/2023\/09\/01\/debate-filosofico-cada-cual-tiene-un-trip-en-el-bocho\/","title":{"rendered":"Debate Filos\u00f3fico &#8220;Cada cual tiene un trip en el bocho&#8221;"},"content":{"rendered":"<p dir=\"auto\"><span style=\"font-size: revert;color: initial\">El viernes 1 de septiembre, en el Espacio Cultural de nuestra Facultad, se realiz\u00f3 una mesa panel en la que los alumnos del Taller Integrador II presentaron los ensayos que escribieron sobre el tema \u201c\u00bfQu\u00e9 es la Filosof\u00eda para m\u00ed?\u201d.<\/span><\/p>\n<div dir=\"auto\">\n<p align=\"justify\"><span lang=\"es-ES\">La actividad estuvo organizada por las docentes de la C\u00e1tedra, Dra. Carolina Araujo y Dra. Cristina Bosso, y las exposiciones estuvieron a cargo de Ayel\u00e9n Aimaro, Sof\u00eda Baron D\u2019Arpino, Carla Baz\u00e1n, Luisina Brand\u00e1n, Natalia Camandona, Iv\u00e1n Fern\u00e1ndez, Cecilia Melnik y Javier Sober\u00f3n<\/span><\/p>\n<p align=\"justify\"><span lang=\"es-ES\">Las presentaciones dieron cuenta de la creatividad y la seriedad con la que trabajaron los j\u00f3venes expositores, que en muchos casos apelaron a recursos audiovisuales para enriquecer sus presentaciones. Este encuentro cont\u00f3 con una importante asistencia de estudiantes y docentes de nuestra comunidad acad\u00e9mica y de p\u00fablico en general, lo que demuestra el inter\u00e9s que despierta esta clase de actividades.<\/span><\/p>\n<p align=\"justify\"><a href=\"https:\/\/www.facebook.com\/filount\/posts\/pfbid02qKTNUWULG3hZvWFwybsQZM9ndDHDMqyU919QqqSWrJV1cZHrPDveToZnqV17V9D6l\" target=\"_blank\" rel=\"noopener\">Ver fotos<\/a><\/p>\n<p align=\"justify\">\n<\/div>\n<div dir=\"auto\"><\/div>\n<div dir=\"auto\"><a href=\"https:\/\/www.facebook.com\/filount\/posts\/pfbid0mNsdeFknrhVpiSsXBxQYwLZvnJu2UkUfEqxz7MRBekkaJv9AdnQVrsg7cuUnphrLl\" target=\"_blank\" rel=\"noopener\">Ver fotos<\/a><\/div>\n","protected":false},"excerpt":{"rendered":"<p>El viernes 1 de septiembre, en el Espacio Cultural de nuestra Facultad, se realiz\u00f3 una mesa panel en la que los alumnos del Taller Integrador II presentaron los ensayos que escribieron sobre el tema \u201c\u00bfQu\u00e9 es la Filosof\u00eda para m\u00ed?\u201d. La actividad estuvo organizada por las docentes de la C\u00e1tedra, [&hellip;]<\/p>\n","protected":false},"author":3,"featured_media":9416,"comment_status":"closed","ping_status":"closed","sticky":false,"template":"","format":"standard","meta":{"footnotes":""},"categories":[8,33,18],"tags":[],"class_list":{"0":"post-9415","1":"post","2":"type-post","3":"status-publish","4":"format-standard","5":"has-post-thumbnail","6":"hentry","7":"category-eventos-academicos","8":"category-institutos","9":"category-investigacion","11":"post-with-thumbnail","12":"post-with-thumbnail-large"},"_links":{"self":[{"href":"https:\/\/filo.unt.edu.ar\/noticias\/wp-json\/wp\/v2\/posts\/9415","targetHints":{"allow":["GET"]}}],"collection":[{"href":"https:\/\/filo.unt.edu.ar\/noticias\/wp-json\/wp\/v2\/posts"}],"about":[{"href":"https:\/\/filo.unt.edu.ar\/noticias\/wp-json\/wp\/v2\/types\/post"}],"author":[{"embeddable":true,"href":"https:\/\/filo.unt.edu.ar\/noticias\/wp-json\/wp\/v2\/users\/3"}],"replies":[{"embeddable":true,"href":"https:\/\/filo.unt.edu.ar\/noticias\/wp-json\/wp\/v2\/comments?post=9415"}],"version-history":[{"count":3,"href":"https:\/\/filo.unt.edu.ar\/noticias\/wp-json\/wp\/v2\/posts\/9415\/revisions"}],"predecessor-version":[{"id":9585,"href":"https:\/\/filo.unt.edu.ar\/noticias\/wp-json\/wp\/v2\/posts\/9415\/revisions\/9585"}],"wp:featuredmedia":[{"embeddable":true,"href":"https:\/\/filo.unt.edu.ar\/noticias\/wp-json\/wp\/v2\/media\/9416"}],"wp:attachment":[{"href":"https:\/\/filo.unt.edu.ar\/noticias\/wp-json\/wp\/v2\/media?parent=9415"}],"wp:term":[{"taxonomy":"category","embeddable":true,"href":"https:\/\/filo.unt.edu.ar\/noticias\/wp-json\/wp\/v2\/categories?post=9415"},{"taxonomy":"post_tag","embeddable":true,"href":"https:\/\/filo.unt.edu.ar\/noticias\/wp-json\/wp\/v2\/tags?post=9415"}],"curies":[{"name":"wp","href":"https:\/\/api.w.org\/{rel}","templated":true}]}}