{"id":940,"date":"2016-12-19T13:07:26","date_gmt":"2016-12-19T16:07:26","guid":{"rendered":"http:\/\/filo.unt.edu.ar\/noticias\/?p=940"},"modified":"2016-12-19T13:11:12","modified_gmt":"2016-12-19T16:11:12","slug":"resultados-de-la-encuesta-a-ingresantes-2016-realizada-tras-la-finalizacion-del-primer-cuatrimestre","status":"publish","type":"post","link":"https:\/\/filo.unt.edu.ar\/noticias\/2016\/12\/19\/resultados-de-la-encuesta-a-ingresantes-2016-realizada-tras-la-finalizacion-del-primer-cuatrimestre\/","title":{"rendered":"Resultados de la encuesta a ingresantes 2016 realizada tras la finalizaci\u00f3n del primer cuatrimestre"},"content":{"rendered":"<div id=\"pl-940\"  class=\"panel-layout\"><div id=\"pg-940-0\"  class=\"panel-grid panel-no-style\"><div id=\"pgc-940-0-0\"  class=\"panel-grid-cell\"><div id=\"panel-940-0-0-0\" class=\"so-panel widget widget_black-studio-tinymce widget_black_studio_tinymce panel-first-child panel-last-child\" data-index=\"0\"><div class=\"textwidget\"><p>&nbsp;<\/p>\n<p>La Secretar\u00eda de <strong>Coordinaci\u00f3n y Fortalecimiento del Grado, d<\/strong>esde sus coordinaciones de Proyectos para el Desarrollo del Grado y de Asuntos Curriculares, conjuntamente con el \u00c1rea de Comunicaci\u00f3n, dise\u00f1\u00f3 y aplic\u00f3 una encuesta a los ingresantes 2016. <\/p><\/div><\/div><\/div><\/div><\/div><p><a class=\"more-link\" href=\"https:\/\/filo.unt.edu.ar\/noticias\/2016\/12\/19\/resultados-de-la-encuesta-a-ingresantes-2016-realizada-tras-la-finalizacion-del-primer-cuatrimestre\/\">Continuar leyendo<span class=\"meta-nav\">&rarr;<\/span><\/a><\/p>","protected":false},"excerpt":{"rendered":"<p>&nbsp; La Secretar\u00eda de Coordinaci\u00f3n y Fortalecimiento del Grado, desde sus coordinaciones de Proyectos para el Desarrollo del Grado y de Asuntos Curriculares, conjuntamente con el \u00c1rea de Comunicaci\u00f3n, dise\u00f1\u00f3 y aplic\u00f3 una encuesta a los ingresantes 2016. La misma tuvo como objetivo relevar informaci\u00f3n sobre asuntos tales como la [&hellip;]<\/p>\n","protected":false},"author":3,"featured_media":949,"comment_status":"closed","ping_status":"closed","sticky":false,"template":"","format":"standard","meta":{"footnotes":""},"categories":[6],"tags":[],"class_list":{"0":"post-940","1":"post","2":"type-post","3":"status-publish","4":"format-standard","5":"has-post-thumbnail","6":"hentry","7":"category-extension","9":"post-with-thumbnail","10":"post-with-thumbnail-large"},"_links":{"self":[{"href":"https:\/\/filo.unt.edu.ar\/noticias\/wp-json\/wp\/v2\/posts\/940","targetHints":{"allow":["GET"]}}],"collection":[{"href":"https:\/\/filo.unt.edu.ar\/noticias\/wp-json\/wp\/v2\/posts"}],"about":[{"href":"https:\/\/filo.unt.edu.ar\/noticias\/wp-json\/wp\/v2\/types\/post"}],"author":[{"embeddable":true,"href":"https:\/\/filo.unt.edu.ar\/noticias\/wp-json\/wp\/v2\/users\/3"}],"replies":[{"embeddable":true,"href":"https:\/\/filo.unt.edu.ar\/noticias\/wp-json\/wp\/v2\/comments?post=940"}],"version-history":[{"count":2,"href":"https:\/\/filo.unt.edu.ar\/noticias\/wp-json\/wp\/v2\/posts\/940\/revisions"}],"predecessor-version":[{"id":950,"href":"https:\/\/filo.unt.edu.ar\/noticias\/wp-json\/wp\/v2\/posts\/940\/revisions\/950"}],"wp:featuredmedia":[{"embeddable":true,"href":"https:\/\/filo.unt.edu.ar\/noticias\/wp-json\/wp\/v2\/media\/949"}],"wp:attachment":[{"href":"https:\/\/filo.unt.edu.ar\/noticias\/wp-json\/wp\/v2\/media?parent=940"}],"wp:term":[{"taxonomy":"category","embeddable":true,"href":"https:\/\/filo.unt.edu.ar\/noticias\/wp-json\/wp\/v2\/categories?post=940"},{"taxonomy":"post_tag","embeddable":true,"href":"https:\/\/filo.unt.edu.ar\/noticias\/wp-json\/wp\/v2\/tags?post=940"}],"curies":[{"name":"wp","href":"https:\/\/api.w.org\/{rel}","templated":true}]}}