{"id":938,"date":"2016-12-19T13:00:37","date_gmt":"2016-12-19T16:00:37","guid":{"rendered":"http:\/\/filo.unt.edu.ar\/noticias\/?p=938"},"modified":"2016-12-19T13:14:25","modified_gmt":"2016-12-19T16:14:25","slug":"actividades-por-la-settimana-della-lingua-italiana-nel-mondo","status":"publish","type":"post","link":"https:\/\/filo.unt.edu.ar\/noticias\/2016\/12\/19\/actividades-por-la-settimana-della-lingua-italiana-nel-mondo\/","title":{"rendered":"Actividades por la Settimana della Lingua italiana nel Mondo"},"content":{"rendered":"<div id=\"pl-938\"  class=\"panel-layout\"><div id=\"pg-938-0\"  class=\"panel-grid panel-no-style\"><div id=\"pgc-938-0-0\"  class=\"panel-grid-cell\"><div id=\"panel-938-0-0-0\" class=\"so-panel widget widget_black-studio-tinymce widget_black_studio_tinymce panel-first-child panel-last-child\" data-index=\"0\"><div class=\"textwidget\"><p>El 4 de noviembre, en el marco de las celebraci\u00f3n de la semana de la lengua italiana en el mundo, se llev\u00f3 a cabo una mesa panel sobre Dise\u00f1o italiano, coordinada por la Dra. Elena Acevedo en la que los panelistas abordaron, desde diferentes enfoques, la creatividad, el arte, la moda y el dise\u00f1o italiano.<br \/>\n<\/p><\/div><\/div><\/div><\/div><\/div><p><a class=\"more-link\" href=\"https:\/\/filo.unt.edu.ar\/noticias\/2016\/12\/19\/actividades-por-la-settimana-della-lingua-italiana-nel-mondo\/\">Continuar leyendo<span class=\"meta-nav\">&rarr;<\/span><\/a><\/p>","protected":false},"excerpt":{"rendered":"<p>El 4 de noviembre, en el marco de las celebraci\u00f3n de la semana de la lengua italiana en el mundo, se llev\u00f3 a cabo una mesa panel sobre Dise\u00f1o italiano, coordinada por la Dra. Elena Acevedo en la que los panelistas abordaron, desde diferentes enfoques, la creatividad, el arte, la [&hellip;]<\/p>\n","protected":false},"author":3,"featured_media":941,"comment_status":"closed","ping_status":"closed","sticky":false,"template":"","format":"standard","meta":{"footnotes":""},"categories":[6],"tags":[],"class_list":{"0":"post-938","1":"post","2":"type-post","3":"status-publish","4":"format-standard","5":"has-post-thumbnail","6":"hentry","7":"category-extension","9":"post-with-thumbnail","10":"post-with-thumbnail-large"},"_links":{"self":[{"href":"https:\/\/filo.unt.edu.ar\/noticias\/wp-json\/wp\/v2\/posts\/938","targetHints":{"allow":["GET"]}}],"collection":[{"href":"https:\/\/filo.unt.edu.ar\/noticias\/wp-json\/wp\/v2\/posts"}],"about":[{"href":"https:\/\/filo.unt.edu.ar\/noticias\/wp-json\/wp\/v2\/types\/post"}],"author":[{"embeddable":true,"href":"https:\/\/filo.unt.edu.ar\/noticias\/wp-json\/wp\/v2\/users\/3"}],"replies":[{"embeddable":true,"href":"https:\/\/filo.unt.edu.ar\/noticias\/wp-json\/wp\/v2\/comments?post=938"}],"version-history":[{"count":3,"href":"https:\/\/filo.unt.edu.ar\/noticias\/wp-json\/wp\/v2\/posts\/938\/revisions"}],"predecessor-version":[{"id":947,"href":"https:\/\/filo.unt.edu.ar\/noticias\/wp-json\/wp\/v2\/posts\/938\/revisions\/947"}],"wp:featuredmedia":[{"embeddable":true,"href":"https:\/\/filo.unt.edu.ar\/noticias\/wp-json\/wp\/v2\/media\/941"}],"wp:attachment":[{"href":"https:\/\/filo.unt.edu.ar\/noticias\/wp-json\/wp\/v2\/media?parent=938"}],"wp:term":[{"taxonomy":"category","embeddable":true,"href":"https:\/\/filo.unt.edu.ar\/noticias\/wp-json\/wp\/v2\/categories?post=938"},{"taxonomy":"post_tag","embeddable":true,"href":"https:\/\/filo.unt.edu.ar\/noticias\/wp-json\/wp\/v2\/tags?post=938"}],"curies":[{"name":"wp","href":"https:\/\/api.w.org\/{rel}","templated":true}]}}