{"id":9368,"date":"2023-08-28T14:15:09","date_gmt":"2023-08-28T17:15:09","guid":{"rendered":"http:\/\/filo.unt.edu.ar\/noticias\/?p=9368"},"modified":"2023-09-07T20:02:43","modified_gmt":"2023-09-07T23:02:43","slug":"homenaje-a-tina-gardella-una-trayectoria-inspiradora","status":"publish","type":"post","link":"https:\/\/filo.unt.edu.ar\/noticias\/2023\/08\/28\/homenaje-a-tina-gardella-una-trayectoria-inspiradora\/","title":{"rendered":"Homenaje a Tina Gardella: una trayectoria inspiradora"},"content":{"rendered":"<p>Con un merecido reconocimiento, el lunes 28 se celebr\u00f3 la destacada carrera acad\u00e9mica y el compromiso de la Prof. Tina Gardella, pionera en el campo de la comunicaci\u00f3n alternativa y la educaci\u00f3n en la provincia de Tucum\u00e1n. La Prof. Gardella, ha dejado una huella imborrable en el \u00e1mbito acad\u00e9mico y ha inspirado proyectos y vocaciones militantes en innumerables estudiantes a lo largo de los a\u00f1os.<\/p>\n<p>El emotivo homenaje reuni\u00f3 a una diversidad de personas, desde docentes hasta miembros de organizaciones sociales, referentes de organismos de derechos humanos, profesionales de los medios y estudiantes, que tuvieron el privilegio de cursar sus clases. Fue un encuentro enriquecedor en el que compartimos an\u00e9cdotas, reflexiones y, sobre todo, reconocimos la importancia de la labor de la Prof. Gardella en la formaci\u00f3n de profesionales comprometidos con la sociedad y los derechos humanos.<\/p>\n<p>El homenaje fue orquestado por la c\u00e1tedra de Comunicaci\u00f3n Radiof\u00f3nica y Comunicaci\u00f3n Alternativa. Tambi\u00e9n particip\u00f3 el Departamento de Ciencias de la Comunicaci\u00f3n, a trav\u00e9s de su Directora, Mar\u00eda Marta Luj\u00e1n; y se recibi\u00f3 el apoyo del decano, Sergio Robin. Tanto Luj\u00e1n como Rob\u00edn, compartieron, en la apertura del homenaje, su perspectiva sobre la invaluable contribuci\u00f3n de la Prof. Gardella a la Instituci\u00f3n y a la educaci\u00f3n en la regi\u00f3n.<\/p>\n<p>Participaron distinguidos invitados que, en diferentes momentos de la ceremonia, realizaron entrevistas en el formato de radio abierta a la homenajeada. Entre ellos, Guido Sebasti\u00e1n Ferreyra, director de Radio Universidad, aport\u00f3 su experiencia y visi\u00f3n sobre la influencia de la Prof. Gardella en el \u00e1mbito de la comunicaci\u00f3n.&nbsp;Gabriela Cruz, del Colectivo de Comunicaci\u00f3n La Palta, comparti\u00f3 la perspectiva de su organizaci\u00f3n y destac\u00f3 la influencia de Gardella en su trabajo y en la promoci\u00f3n de la comunicaci\u00f3n comunitaria.&nbsp;Anabel Palma, ex auxiliar estudiantil de la C\u00e1tedra de Comunicaci\u00f3n Radiof\u00f3nica y Alternativa, y actual docente de la carrera, destac\u00f3 el impacto de la homenajeada en la formaci\u00f3n de nuevos comunicadores.&nbsp;Kikin D\u00eda, artista reconocido, aport\u00f3 su creatividad y perspectiva art\u00edstica al homenaje, resaltando c\u00f3mo la Prof. Gardella ha sido una fuente de inspiraci\u00f3n para diversas formas de expresi\u00f3n.&nbsp;Sergio Osorio, del Colectivo Popular Mate Cocido, comparti\u00f3 la importancia de la comunicaci\u00f3n alternativa en la lucha por los derechos y la justicia social, resaltando el papel de la Prof. Gardella en esta causa.<\/p>\n<p>Un toque de humor fue puesto por Rodrigo Campos Alvo, ex integrante de la c\u00e1tedra, que realiz\u00f3 una intervenci\u00f3n humor\u00edstica, al estilo de Les Luthiers, recordando momentos alegres y risue\u00f1os compartidos con la homenajeada.<\/p>\n<p>El evento trascendi\u00f3 el mero reconocimiento; fue un acto de gratitud y admiraci\u00f3n hacia una figura que ha dedicado su vida a impulsar la educaci\u00f3n, la construcci\u00f3n de ciudadan\u00eda y la preservaci\u00f3n de la memoria. Su legado perdurar\u00e1 a trav\u00e9s de las generaciones de estudiantes y profesionales a quienes ha guiado y motivado.<\/p>\n<p><a href=\"https:\/\/www.facebook.com\/filount\/posts\/pfbid02SGbZHT38d3DbLYVf1xuX8mxoPDh52fbyUGQVRJvpaGRd2coQq1h7FuZrw7BXJkvLl\" target=\"_blank\" rel=\"noopener\">Ver fotos.-&nbsp;<\/a><\/p>\n","protected":false},"excerpt":{"rendered":"<p>Con un merecido reconocimiento, el lunes 28 se celebr\u00f3 la destacada carrera acad\u00e9mica y el compromiso de la Prof. Tina Gardella, pionera en el campo de la comunicaci\u00f3n alternativa y la educaci\u00f3n en la provincia de Tucum\u00e1n. La Prof. Gardella, ha dejado una huella imborrable en el \u00e1mbito acad\u00e9mico y [&hellip;]<\/p>\n","protected":false},"author":101021,"featured_media":9373,"comment_status":"closed","ping_status":"closed","sticky":false,"template":"","format":"standard","meta":{"footnotes":""},"categories":[16,8],"tags":[],"class_list":{"0":"post-9368","1":"post","2":"type-post","3":"status-publish","4":"format-standard","5":"has-post-thumbnail","6":"hentry","7":"category-espacio-cultural","8":"category-eventos-academicos","10":"post-with-thumbnail","11":"post-with-thumbnail-large"},"_links":{"self":[{"href":"https:\/\/filo.unt.edu.ar\/noticias\/wp-json\/wp\/v2\/posts\/9368","targetHints":{"allow":["GET"]}}],"collection":[{"href":"https:\/\/filo.unt.edu.ar\/noticias\/wp-json\/wp\/v2\/posts"}],"about":[{"href":"https:\/\/filo.unt.edu.ar\/noticias\/wp-json\/wp\/v2\/types\/post"}],"author":[{"embeddable":true,"href":"https:\/\/filo.unt.edu.ar\/noticias\/wp-json\/wp\/v2\/users\/101021"}],"replies":[{"embeddable":true,"href":"https:\/\/filo.unt.edu.ar\/noticias\/wp-json\/wp\/v2\/comments?post=9368"}],"version-history":[{"count":6,"href":"https:\/\/filo.unt.edu.ar\/noticias\/wp-json\/wp\/v2\/posts\/9368\/revisions"}],"predecessor-version":[{"id":9397,"href":"https:\/\/filo.unt.edu.ar\/noticias\/wp-json\/wp\/v2\/posts\/9368\/revisions\/9397"}],"wp:featuredmedia":[{"embeddable":true,"href":"https:\/\/filo.unt.edu.ar\/noticias\/wp-json\/wp\/v2\/media\/9373"}],"wp:attachment":[{"href":"https:\/\/filo.unt.edu.ar\/noticias\/wp-json\/wp\/v2\/media?parent=9368"}],"wp:term":[{"taxonomy":"category","embeddable":true,"href":"https:\/\/filo.unt.edu.ar\/noticias\/wp-json\/wp\/v2\/categories?post=9368"},{"taxonomy":"post_tag","embeddable":true,"href":"https:\/\/filo.unt.edu.ar\/noticias\/wp-json\/wp\/v2\/tags?post=9368"}],"curies":[{"name":"wp","href":"https:\/\/api.w.org\/{rel}","templated":true}]}}