{"id":9340,"date":"2023-08-26T13:15:52","date_gmt":"2023-08-26T16:15:52","guid":{"rendered":"http:\/\/filo.unt.edu.ar\/noticias\/?p=9340"},"modified":"2023-09-07T13:16:52","modified_gmt":"2023-09-07T16:16:52","slug":"cafe-literario-y-cultural-del-virla-3","status":"publish","type":"post","link":"https:\/\/filo.unt.edu.ar\/noticias\/2023\/08\/26\/cafe-literario-y-cultural-del-virla-3\/","title":{"rendered":"Caf\u00e9 Literario y Cultural del Virla"},"content":{"rendered":"<div class=\"x11i5rnm xat24cr x1mh8g0r x1vvkbs xtlvy1s x126k92a\">\n<p dir=\"auto\">El s\u00e1bado 26, reiniciaron los encuentros del Caf\u00e9 Literario y Cultural del Virla 2023, luego del receso invernal, bajo la coordinaci\u00f3n de Guillermo Silles.<\/p>\n<\/div>\n<div dir=\"auto\">En esta ocasi\u00f3n participaron Gabriela Ag\u00fcero, Gabriela Duguech, Emilia Guti\u00e9rrez, Manuel Mart\u00ednez Novillo, Javier Foguet y, como invitado Especial, Claudio Archubi.<\/div>\n<div class=\"x11i5rnm xat24cr x1mh8g0r x1vvkbs xtlvy1s x126k92a\">\n<p dir=\"auto\">Presentaron a los escritores Martina Colombres y Nicol\u00e1s Paz Ar\u00e9a.<\/p>\n<\/div>\n<div dir=\"auto\"><a href=\"https:\/\/www.facebook.com\/filount\/posts\/pfbid0C5NUJVTxKuoBc66ZgmNe18ZmgMkcqjdA466ZoUW9Z78THjLehoesx8qiWJeBZ5ULl\" target=\"_blank\" rel=\"noopener\">Ver foto<\/a><\/div>\n","protected":false},"excerpt":{"rendered":"<p>El s\u00e1bado 26, reiniciaron los encuentros del Caf\u00e9 Literario y Cultural del Virla 2023, luego del receso invernal, bajo la coordinaci\u00f3n de Guillermo Silles. En esta ocasi\u00f3n participaron Gabriela Ag\u00fcero, Gabriela Duguech, Emilia Guti\u00e9rrez, Manuel Mart\u00ednez Novillo, Javier Foguet y, como invitado Especial, Claudio Archubi. Presentaron a los escritores Martina [&hellip;]<\/p>\n","protected":false},"author":3,"featured_media":9360,"comment_status":"closed","ping_status":"closed","sticky":false,"template":"","format":"standard","meta":{"footnotes":""},"categories":[21,6],"tags":[],"class_list":{"0":"post-9340","1":"post","2":"type-post","3":"status-publish","4":"format-standard","5":"has-post-thumbnail","6":"hentry","7":"category-cafe-literario","8":"category-extension","10":"post-with-thumbnail","11":"post-with-thumbnail-large"},"_links":{"self":[{"href":"https:\/\/filo.unt.edu.ar\/noticias\/wp-json\/wp\/v2\/posts\/9340","targetHints":{"allow":["GET"]}}],"collection":[{"href":"https:\/\/filo.unt.edu.ar\/noticias\/wp-json\/wp\/v2\/posts"}],"about":[{"href":"https:\/\/filo.unt.edu.ar\/noticias\/wp-json\/wp\/v2\/types\/post"}],"author":[{"embeddable":true,"href":"https:\/\/filo.unt.edu.ar\/noticias\/wp-json\/wp\/v2\/users\/3"}],"replies":[{"embeddable":true,"href":"https:\/\/filo.unt.edu.ar\/noticias\/wp-json\/wp\/v2\/comments?post=9340"}],"version-history":[{"count":2,"href":"https:\/\/filo.unt.edu.ar\/noticias\/wp-json\/wp\/v2\/posts\/9340\/revisions"}],"predecessor-version":[{"id":9361,"href":"https:\/\/filo.unt.edu.ar\/noticias\/wp-json\/wp\/v2\/posts\/9340\/revisions\/9361"}],"wp:featuredmedia":[{"embeddable":true,"href":"https:\/\/filo.unt.edu.ar\/noticias\/wp-json\/wp\/v2\/media\/9360"}],"wp:attachment":[{"href":"https:\/\/filo.unt.edu.ar\/noticias\/wp-json\/wp\/v2\/media?parent=9340"}],"wp:term":[{"taxonomy":"category","embeddable":true,"href":"https:\/\/filo.unt.edu.ar\/noticias\/wp-json\/wp\/v2\/categories?post=9340"},{"taxonomy":"post_tag","embeddable":true,"href":"https:\/\/filo.unt.edu.ar\/noticias\/wp-json\/wp\/v2\/tags?post=9340"}],"curies":[{"name":"wp","href":"https:\/\/api.w.org\/{rel}","templated":true}]}}