{"id":933,"date":"2016-12-21T12:54:57","date_gmt":"2016-12-21T15:54:57","guid":{"rendered":"http:\/\/filo.unt.edu.ar\/noticias\/?p=933"},"modified":"2018-02-20T12:21:39","modified_gmt":"2018-02-20T15:21:39","slug":"pronunciamiento-del-consejo-directivo-por-el-fallecimiento-de-la-alumna-marianella-triunfetti","status":"publish","type":"post","link":"https:\/\/filo.unt.edu.ar\/noticias\/2016\/12\/21\/pronunciamiento-del-consejo-directivo-por-el-fallecimiento-de-la-alumna-marianella-triunfetti\/","title":{"rendered":"Pronunciamiento del Consejo Directivo por el fallecimiento de la alumna Marianella Triunfetti"},"content":{"rendered":"<p>Desde el Honorable Consejo Directivo de la Facultad de Filosof\u00eda y Letras, Universidad Nacional de Tucum\u00e1n, expresamos nuestro dolor por el fallecimiento de la estudiante de Ciencias de la Comunicaci\u00f3n Marianella Triunfetti, <!--more--><\/p>\n<p>quien adem\u00e1s desempe\u00f1aba tareas como Auxiliar Estudiantil en la c\u00e1tedra de Gui\u00f3n y Narraci\u00f3n y Comunicaci\u00f3n Televisiva, como cronista en el Colectivo La Palta y como integrante de LUPA, la Productora Audiovisual de la Facultad.<\/p>\n<p>El d\u00eda s\u00e1bado 17 de Diciembre del corriente a\u00f1o Marianella, junto con sus compa\u00f1eras de militancia, regresaba de una jornada realizada en el Espacio de Memoria Escuelita de Famaill\u00e1 cuando el auto en el que se trasladaban colision\u00f3 de frente con otro veh\u00edculo que circulaba en sentido contrario.<\/p>\n<p>La Estudiante perdi\u00f3 la vida junto con dos grandes referentes de la lucha por los Derechos Humanos, Natalia Ari\u00f1ez y Alejandra Wurschmidt de la agrupaci\u00f3n H.I.J.O.S Tucum\u00e1n.<\/p>\n<p>Nuestra Casa se reconoce en la lucha de Marianella, Natalia y Alejandra por un mundo m\u00e1s justo y solidario. Y por eso, desde nuestra Facultad trabajamos por una Universidad capaz de formar profesionales cr\u00edticos, conscientes de la importancia de la memoria, la igualdad, la diversidad y la transformaci\u00f3n social para una comunidad donde todas las personas sean entendidas como sujetos de derechos.<\/p>\n<p>Hemos perdido en estas tr\u00e1gicas circunstancias a quien trabajara para poner en pr\u00e1ctica la idea de que si no es para transformar la sociedad, los estudios superiores se vac\u00edan de contenido. Por ello, la Facultad de Filosof\u00eda y Letras declara asueto en el d\u00eda de la fecha para la carrera de Ciencias de la Comunicaci\u00f3n por esta p\u00e9rdida tan dolorosa para toda la Comunidad Educativa.<\/p>\n<p>De esta forma brindamos nuestro reconocimiento, apoyo y fuerzas a los familiares, amigos y compa\u00f1eros de estas tres mujeres que estar\u00e1n presentes siempre en cada espacio de lucha.<\/p>\n","protected":false},"excerpt":{"rendered":"<p>Desde el Honorable Consejo Directivo de la Facultad de Filosof\u00eda y Letras, Universidad Nacional de Tucum\u00e1n, expresamos nuestro dolor por el fallecimiento de la estudiante de Ciencias de la Comunicaci\u00f3n Marianella Triunfetti,<\/p>\n","protected":false},"author":101013,"featured_media":984,"comment_status":"closed","ping_status":"closed","sticky":false,"template":"","format":"standard","meta":{"footnotes":""},"categories":[10],"tags":[],"class_list":{"0":"post-933","1":"post","2":"type-post","3":"status-publish","4":"format-standard","5":"has-post-thumbnail","6":"hentry","7":"category-consejo","9":"post-with-thumbnail","10":"post-with-thumbnail-large"},"_links":{"self":[{"href":"https:\/\/filo.unt.edu.ar\/noticias\/wp-json\/wp\/v2\/posts\/933","targetHints":{"allow":["GET"]}}],"collection":[{"href":"https:\/\/filo.unt.edu.ar\/noticias\/wp-json\/wp\/v2\/posts"}],"about":[{"href":"https:\/\/filo.unt.edu.ar\/noticias\/wp-json\/wp\/v2\/types\/post"}],"author":[{"embeddable":true,"href":"https:\/\/filo.unt.edu.ar\/noticias\/wp-json\/wp\/v2\/users\/101013"}],"replies":[{"embeddable":true,"href":"https:\/\/filo.unt.edu.ar\/noticias\/wp-json\/wp\/v2\/comments?post=933"}],"version-history":[{"count":6,"href":"https:\/\/filo.unt.edu.ar\/noticias\/wp-json\/wp\/v2\/posts\/933\/revisions"}],"predecessor-version":[{"id":2864,"href":"https:\/\/filo.unt.edu.ar\/noticias\/wp-json\/wp\/v2\/posts\/933\/revisions\/2864"}],"wp:featuredmedia":[{"embeddable":true,"href":"https:\/\/filo.unt.edu.ar\/noticias\/wp-json\/wp\/v2\/media\/984"}],"wp:attachment":[{"href":"https:\/\/filo.unt.edu.ar\/noticias\/wp-json\/wp\/v2\/media?parent=933"}],"wp:term":[{"taxonomy":"category","embeddable":true,"href":"https:\/\/filo.unt.edu.ar\/noticias\/wp-json\/wp\/v2\/categories?post=933"},{"taxonomy":"post_tag","embeddable":true,"href":"https:\/\/filo.unt.edu.ar\/noticias\/wp-json\/wp\/v2\/tags?post=933"}],"curies":[{"name":"wp","href":"https:\/\/api.w.org\/{rel}","templated":true}]}}