{"id":9314,"date":"2023-08-16T10:26:34","date_gmt":"2023-08-16T13:26:34","guid":{"rendered":"http:\/\/filo.unt.edu.ar\/noticias\/?p=9314"},"modified":"2023-09-07T20:17:36","modified_gmt":"2023-09-07T23:17:36","slug":"talleres-del-espacio-cultural","status":"publish","type":"post","link":"https:\/\/filo.unt.edu.ar\/noticias\/2023\/08\/16\/talleres-del-espacio-cultural\/","title":{"rendered":"Talleres del espacio Cultural"},"content":{"rendered":"<p>El mi\u00e9rcoles 16 iniciaron los Talleres del Espacio cultural con la propuesta <span style=\"color: initial\">&#8220;Danza, movimiento y exploraci\u00f3n&#8221; A cargo de Milli Guillou y Soledad Caama\u00f1o. <\/span><\/p>\n<p><span style=\"color: initial\">Se acercaron el decano, Sergio Robin, y la vicedecana, Bibi Sibaldi, para dar la bienvenida y desear \u00e9xito al proyecto cultural elaborado por este espacio; y a los y las participantes que apostaron a esta primera propuesta.\u00a0<\/span><\/p>\n<p>El taller continuar\u00e1 en el mes de septiembre y est\u00e1n participando alrededor de 20 personas que trabajan, desde una propuesta pensada para principiantes, secuencias de movimientos, improvisaci\u00f3n, entre otras cuestiones.<\/p>\n<p>Desde la organizaci\u00f3n se mostraron satisfechos con los resultados de la convocatoria y aspiran a poder institucionalizar estas ofertas culturales. Recordamos tambi\u00e9n durante los viernes de septiembre, se dictar\u00e1 el taller &#8220;Canto popular y Colectivo&#8221; a cargo de Nancy Pedro y Vivi Vargas.<\/p>\n<p><a href=\"https:\/\/www.facebook.com\/filount\/posts\/pfbid02WP7NTc6iW6sRBvrrKdhWBQDpnb7Ju8gbHkLeRCAyxwFvEuYSYRk3HpSKJfr2eft9l\" target=\"_blank\" rel=\"noopener\">Ver fotos<\/a><\/p>\n","protected":false},"excerpt":{"rendered":"<p>El mi\u00e9rcoles 16 iniciaron los Talleres del Espacio cultural con la propuesta &#8220;Danza, movimiento y exploraci\u00f3n&#8221; A cargo de Milli Guillou y Soledad Caama\u00f1o. Se acercaron el decano, Sergio Robin, y la vicedecana, Bibi Sibaldi, para dar la bienvenida y desear \u00e9xito al proyecto cultural elaborado por este espacio; y [&hellip;]<\/p>\n","protected":false},"author":3,"featured_media":9328,"comment_status":"closed","ping_status":"closed","sticky":false,"template":"","format":"standard","meta":{"footnotes":""},"categories":[16,12],"tags":[],"class_list":{"0":"post-9314","1":"post","2":"type-post","3":"status-publish","4":"format-standard","5":"has-post-thumbnail","6":"hentry","7":"category-espacio-cultural","8":"category-gestion","10":"post-with-thumbnail","11":"post-with-thumbnail-large"},"_links":{"self":[{"href":"https:\/\/filo.unt.edu.ar\/noticias\/wp-json\/wp\/v2\/posts\/9314","targetHints":{"allow":["GET"]}}],"collection":[{"href":"https:\/\/filo.unt.edu.ar\/noticias\/wp-json\/wp\/v2\/posts"}],"about":[{"href":"https:\/\/filo.unt.edu.ar\/noticias\/wp-json\/wp\/v2\/types\/post"}],"author":[{"embeddable":true,"href":"https:\/\/filo.unt.edu.ar\/noticias\/wp-json\/wp\/v2\/users\/3"}],"replies":[{"embeddable":true,"href":"https:\/\/filo.unt.edu.ar\/noticias\/wp-json\/wp\/v2\/comments?post=9314"}],"version-history":[{"count":3,"href":"https:\/\/filo.unt.edu.ar\/noticias\/wp-json\/wp\/v2\/posts\/9314\/revisions"}],"predecessor-version":[{"id":9356,"href":"https:\/\/filo.unt.edu.ar\/noticias\/wp-json\/wp\/v2\/posts\/9314\/revisions\/9356"}],"wp:featuredmedia":[{"embeddable":true,"href":"https:\/\/filo.unt.edu.ar\/noticias\/wp-json\/wp\/v2\/media\/9328"}],"wp:attachment":[{"href":"https:\/\/filo.unt.edu.ar\/noticias\/wp-json\/wp\/v2\/media?parent=9314"}],"wp:term":[{"taxonomy":"category","embeddable":true,"href":"https:\/\/filo.unt.edu.ar\/noticias\/wp-json\/wp\/v2\/categories?post=9314"},{"taxonomy":"post_tag","embeddable":true,"href":"https:\/\/filo.unt.edu.ar\/noticias\/wp-json\/wp\/v2\/tags?post=9314"}],"curies":[{"name":"wp","href":"https:\/\/api.w.org\/{rel}","templated":true}]}}