{"id":9312,"date":"2023-08-23T17:51:00","date_gmt":"2023-08-23T20:51:00","guid":{"rendered":"http:\/\/filo.unt.edu.ar\/noticias\/?p=9312"},"modified":"2023-09-07T10:13:47","modified_gmt":"2023-09-07T13:13:47","slug":"presentacion-de-propuestas-beca-belgrano","status":"publish","type":"post","link":"https:\/\/filo.unt.edu.ar\/noticias\/2023\/08\/23\/presentacion-de-propuestas-beca-belgrano\/","title":{"rendered":"Presentaci\u00f3n de propuestas beca belgrano"},"content":{"rendered":"<p>El mi\u00e9rcoles 23 de agosto, en el Espacio Cultural, se realiz\u00f3 la presentaci\u00f3n de las propuestas acad\u00e9micas que la Facultad tiene que ofrecer para dar cumplimiento al art\u00edculo 24, inc. C de la Becas Estrat\u00e9gicas Manuel Belgrano\u201d. Estuvieron presentes el decano, Sergio Robin; la Coordinadora del Centro Especializado de Derechos Humanos, Prof. Laura Bravo; la Secretaria de G\u00e9nero Diversidades y Derechos Humanos, Lic. Julia Salda\u00f1o; Claudia Causi, Directora de Becas, y la Srta. Lucia Brito, del Centro \u00danico de estudiantes. Participaron tambi\u00e9n 100 becarios\/as de la facultad, pertenecientes a las carreras de qu\u00edmica, filosof\u00eda, matem\u00e1tica y geograf\u00eda.<\/p>\n<p>Las \u201cBecas Estrat\u00e9gicas Manuel Belgrano\u201d tienen como principal objetivo proporcionar un incentivo econ\u00f3mico&nbsp; para que las y los estudiantes puedan sostener sus trayectorias acad\u00e9micas. Desde el equipo de gesti\u00f3n de la Facultad de Filosof\u00eda y Letras, y bajo la \u00f3rbita de la Coordinaci\u00f3n de Asuntos Estudiantiles, se propusieron elaborar y articular, junto a otros espacios institucionales, l\u00edneas de trabajo al fin de brindar el cumplimiento del reglamento general del programa. Cabe recordar que uno de los requisitos exigidos para dar continuidad a la beca es el de certificar el cumplimiento de 5 (cinco) horas semanales dedicadas a actividades acad\u00e9micas tales como investigaci\u00f3n, asistencia a la investigaci\u00f3n, tutor\u00edas o actividades acad\u00e9micas de similar \u00edndole definidas y ofrecidas por la universidad.<\/p>\n<p>Este programa promueve el acceso, la permanencia y la finalizaci\u00f3n de estudios de grados y pregrado en nueve \u00e1reas de pol\u00edticas p\u00fablica consideradas claves para el desarrollo econ\u00f3mico del pa\u00eds y la igualdad social, el cumplimiento del reglamento.<\/p>\n<p><a href=\"https:\/\/www.facebook.com\/filount\/posts\/pfbid037WCyMCowDhC6NcawHuors8Wo15q4DDERrq1toCp3LZU5JAzmxZC1nziEhobCsAH4l\" target=\"_blank\" rel=\"noopener\">Ver fotos<\/a><\/p>\n","protected":false},"excerpt":{"rendered":"<p>El mi\u00e9rcoles 23 de agosto, en el Espacio Cultural, se realiz\u00f3 la presentaci\u00f3n de las propuestas acad\u00e9micas que la Facultad tiene que ofrecer para dar cumplimiento al art\u00edculo 24, inc. C de la Becas Estrat\u00e9gicas Manuel Belgrano\u201d. Estuvieron presentes el decano, Sergio Robin; la Coordinadora del Centro Especializado de Derechos [&hellip;]<\/p>\n","protected":false},"author":3,"featured_media":9321,"comment_status":"closed","ping_status":"closed","sticky":false,"template":"","format":"standard","meta":{"footnotes":""},"categories":[1],"tags":[],"class_list":{"0":"post-9312","1":"post","2":"type-post","3":"status-publish","4":"format-standard","5":"has-post-thumbnail","6":"hentry","7":"category-uncategorized","9":"post-with-thumbnail","10":"post-with-thumbnail-large"},"_links":{"self":[{"href":"https:\/\/filo.unt.edu.ar\/noticias\/wp-json\/wp\/v2\/posts\/9312","targetHints":{"allow":["GET"]}}],"collection":[{"href":"https:\/\/filo.unt.edu.ar\/noticias\/wp-json\/wp\/v2\/posts"}],"about":[{"href":"https:\/\/filo.unt.edu.ar\/noticias\/wp-json\/wp\/v2\/types\/post"}],"author":[{"embeddable":true,"href":"https:\/\/filo.unt.edu.ar\/noticias\/wp-json\/wp\/v2\/users\/3"}],"replies":[{"embeddable":true,"href":"https:\/\/filo.unt.edu.ar\/noticias\/wp-json\/wp\/v2\/comments?post=9312"}],"version-history":[{"count":4,"href":"https:\/\/filo.unt.edu.ar\/noticias\/wp-json\/wp\/v2\/posts\/9312\/revisions"}],"predecessor-version":[{"id":9353,"href":"https:\/\/filo.unt.edu.ar\/noticias\/wp-json\/wp\/v2\/posts\/9312\/revisions\/9353"}],"wp:featuredmedia":[{"embeddable":true,"href":"https:\/\/filo.unt.edu.ar\/noticias\/wp-json\/wp\/v2\/media\/9321"}],"wp:attachment":[{"href":"https:\/\/filo.unt.edu.ar\/noticias\/wp-json\/wp\/v2\/media?parent=9312"}],"wp:term":[{"taxonomy":"category","embeddable":true,"href":"https:\/\/filo.unt.edu.ar\/noticias\/wp-json\/wp\/v2\/categories?post=9312"},{"taxonomy":"post_tag","embeddable":true,"href":"https:\/\/filo.unt.edu.ar\/noticias\/wp-json\/wp\/v2\/tags?post=9312"}],"curies":[{"name":"wp","href":"https:\/\/api.w.org\/{rel}","templated":true}]}}