{"id":9279,"date":"2023-08-11T12:32:18","date_gmt":"2023-08-11T15:32:18","guid":{"rendered":"http:\/\/filo.unt.edu.ar\/noticias\/?p=9279"},"modified":"2023-09-06T19:39:24","modified_gmt":"2023-09-06T22:39:24","slug":"nos-visitaron-integranes-de-la-escuelita-de-famailla","status":"publish","type":"post","link":"https:\/\/filo.unt.edu.ar\/noticias\/2023\/08\/11\/nos-visitaron-integranes-de-la-escuelita-de-famailla\/","title":{"rendered":"Nos visitaron integranes de la Escuelita de Famailla"},"content":{"rendered":"<p dir=\"auto\">El viernes 11 recibimos la visita de integrantes del Espacio para la memoria \u201cLa Escuelita de Famaill\u00e1&#8221;, con el principal objetivo de promover la cooperaci\u00f3n y acciones conjuntas.<\/p>\n<p dir=\"auto\">El decano, Sergio Robin, y Gabriela G\u00f3nzalez, Secretaria de Extensi\u00f3n recibieron a Mar\u00eda Coronel, Coordinadora del Espacio para la Memoria Valeria; y a Galo Ismael y Valeria Totongi, quienes est\u00e1n a cargo de la Biblioteca y el Centro de Documentaci\u00f3n de la escuelita. La oportunidad sirvi\u00f3 para avanzar en la elaboraci\u00f3n de una carta acuerdo entre ambas instituciones, en tanto que la Facultad trabaja y promueve, tanto desde la gesti\u00f3n, como desde sus diversos espacios curriculares, cuestiones vinculadas a los Derechos Humanos, y que la Escuelita es un espacio de aprendizaje muy rico en este sentido.<\/p>\n<div dir=\"auto\"><a href=\"https:\/\/www.facebook.com\/filount\/posts\/pfbid02xKuhjAibEW8987ALhdZMitVcuSGJYj1hWv9NzyEQfNc925VKzgkyansWD3DcPCSPl\" target=\"_blank\" rel=\"noopener\">Ver fotos<\/a><\/div>\n","protected":false},"excerpt":{"rendered":"<p>El viernes 11 recibimos la visita de integrantes del Espacio para la memoria \u201cLa Escuelita de Famaill\u00e1&#8221;, con el principal objetivo de promover la cooperaci\u00f3n y acciones conjuntas. El decano, Sergio Robin, y Gabriela G\u00f3nzalez, Secretaria de Extensi\u00f3n recibieron a Mar\u00eda Coronel, Coordinadora del Espacio para la Memoria Valeria; y [&hellip;]<\/p>\n","protected":false},"author":3,"featured_media":9280,"comment_status":"closed","ping_status":"closed","sticky":false,"template":"","format":"standard","meta":{"footnotes":""},"categories":[6,12],"tags":[],"class_list":{"0":"post-9279","1":"post","2":"type-post","3":"status-publish","4":"format-standard","5":"has-post-thumbnail","6":"hentry","7":"category-extension","8":"category-gestion","10":"post-with-thumbnail","11":"post-with-thumbnail-large"},"_links":{"self":[{"href":"https:\/\/filo.unt.edu.ar\/noticias\/wp-json\/wp\/v2\/posts\/9279","targetHints":{"allow":["GET"]}}],"collection":[{"href":"https:\/\/filo.unt.edu.ar\/noticias\/wp-json\/wp\/v2\/posts"}],"about":[{"href":"https:\/\/filo.unt.edu.ar\/noticias\/wp-json\/wp\/v2\/types\/post"}],"author":[{"embeddable":true,"href":"https:\/\/filo.unt.edu.ar\/noticias\/wp-json\/wp\/v2\/users\/3"}],"replies":[{"embeddable":true,"href":"https:\/\/filo.unt.edu.ar\/noticias\/wp-json\/wp\/v2\/comments?post=9279"}],"version-history":[{"count":2,"href":"https:\/\/filo.unt.edu.ar\/noticias\/wp-json\/wp\/v2\/posts\/9279\/revisions"}],"predecessor-version":[{"id":9318,"href":"https:\/\/filo.unt.edu.ar\/noticias\/wp-json\/wp\/v2\/posts\/9279\/revisions\/9318"}],"wp:featuredmedia":[{"embeddable":true,"href":"https:\/\/filo.unt.edu.ar\/noticias\/wp-json\/wp\/v2\/media\/9280"}],"wp:attachment":[{"href":"https:\/\/filo.unt.edu.ar\/noticias\/wp-json\/wp\/v2\/media?parent=9279"}],"wp:term":[{"taxonomy":"category","embeddable":true,"href":"https:\/\/filo.unt.edu.ar\/noticias\/wp-json\/wp\/v2\/categories?post=9279"},{"taxonomy":"post_tag","embeddable":true,"href":"https:\/\/filo.unt.edu.ar\/noticias\/wp-json\/wp\/v2\/tags?post=9279"}],"curies":[{"name":"wp","href":"https:\/\/api.w.org\/{rel}","templated":true}]}}