{"id":927,"date":"2016-12-21T12:48:23","date_gmt":"2016-12-21T15:48:23","guid":{"rendered":"http:\/\/filo.unt.edu.ar\/noticias\/?p=927"},"modified":"2017-02-21T12:23:09","modified_gmt":"2017-02-21T15:23:09","slug":"80o-aniversario-del-departamento-de-filosofia-antecedente-de-la-facultad","status":"publish","type":"post","link":"https:\/\/filo.unt.edu.ar\/noticias\/2016\/12\/21\/80o-aniversario-del-departamento-de-filosofia-antecedente-de-la-facultad\/","title":{"rendered":"80\u00ba Aniversario del Departamento de Filosof\u00eda, antecedente de la Facultad"},"content":{"rendered":"<div id=\"pl-927\"  class=\"panel-layout\"><div id=\"pg-927-0\"  class=\"panel-grid panel-no-style\"><div id=\"pgc-927-0-0\"  class=\"panel-grid-cell\"><div id=\"panel-927-0-0-0\" class=\"so-panel widget widget_sow-editor panel-first-child panel-last-child\" data-index=\"0\"><div\n\t\t\t\n\t\t\tclass=\"so-widget-sow-editor so-widget-sow-editor-base\">\n<div class=\"siteorigin-widget-tinymce textwidget\">\n\t<p>El jueves 15 se realiz\u00f3 el Acto de Conmemoraci\u00f3n de los 80 a\u00f1os de la Creaci\u00f3n del Departamento de Filosof\u00eda, antecedente de la fundaci\u00f3n de nuestra Facultad, en el recientemente renovado Sal\u00f3n de Actos. El mismo comenz\u00f3 a sala llena con Ar-D\u00fao, Julia Castagnaro en voz y Caf\u00e9 Vald\u00e9z en guitarra, quienes presentaron un repertorio de m\u00fasica popular latinoamericana.<br \/> <\/p><\/div><\/div><\/div><\/div><\/div><\/div><p><a class=\"more-link\" href=\"https:\/\/filo.unt.edu.ar\/noticias\/2016\/12\/21\/80o-aniversario-del-departamento-de-filosofia-antecedente-de-la-facultad\/\">Continuar leyendo<span class=\"meta-nav\">&rarr;<\/span><\/a><\/p>","protected":false},"excerpt":{"rendered":"<p>El jueves 15 se realiz\u00f3 el Acto de Conmemoraci\u00f3n de los 80 a\u00f1os de la Creaci\u00f3n del Departamento de Filosof\u00eda, antecedente de la fundaci\u00f3n de nuestra Facultad, en el recientemente renovado Sal\u00f3n de Actos. El mismo comenz\u00f3 a sala llena con Ar-D\u00fao, Julia Castagnaro en voz y Caf\u00e9 Vald\u00e9z en [&hellip;]<\/p>\n","protected":false},"author":101013,"featured_media":928,"comment_status":"closed","ping_status":"closed","sticky":false,"template":"","format":"standard","meta":{"footnotes":""},"categories":[8],"tags":[],"class_list":{"0":"post-927","1":"post","2":"type-post","3":"status-publish","4":"format-standard","5":"has-post-thumbnail","6":"hentry","7":"category-eventos-academicos","9":"post-with-thumbnail","10":"post-with-thumbnail-large"},"_links":{"self":[{"href":"https:\/\/filo.unt.edu.ar\/noticias\/wp-json\/wp\/v2\/posts\/927","targetHints":{"allow":["GET"]}}],"collection":[{"href":"https:\/\/filo.unt.edu.ar\/noticias\/wp-json\/wp\/v2\/posts"}],"about":[{"href":"https:\/\/filo.unt.edu.ar\/noticias\/wp-json\/wp\/v2\/types\/post"}],"author":[{"embeddable":true,"href":"https:\/\/filo.unt.edu.ar\/noticias\/wp-json\/wp\/v2\/users\/101013"}],"replies":[{"embeddable":true,"href":"https:\/\/filo.unt.edu.ar\/noticias\/wp-json\/wp\/v2\/comments?post=927"}],"version-history":[{"count":11,"href":"https:\/\/filo.unt.edu.ar\/noticias\/wp-json\/wp\/v2\/posts\/927\/revisions"}],"predecessor-version":[{"id":999,"href":"https:\/\/filo.unt.edu.ar\/noticias\/wp-json\/wp\/v2\/posts\/927\/revisions\/999"}],"wp:featuredmedia":[{"embeddable":true,"href":"https:\/\/filo.unt.edu.ar\/noticias\/wp-json\/wp\/v2\/media\/928"}],"wp:attachment":[{"href":"https:\/\/filo.unt.edu.ar\/noticias\/wp-json\/wp\/v2\/media?parent=927"}],"wp:term":[{"taxonomy":"category","embeddable":true,"href":"https:\/\/filo.unt.edu.ar\/noticias\/wp-json\/wp\/v2\/categories?post=927"},{"taxonomy":"post_tag","embeddable":true,"href":"https:\/\/filo.unt.edu.ar\/noticias\/wp-json\/wp\/v2\/tags?post=927"}],"curies":[{"name":"wp","href":"https:\/\/api.w.org\/{rel}","templated":true}]}}