{"id":9269,"date":"2023-08-10T11:55:56","date_gmt":"2023-08-10T14:55:56","guid":{"rendered":"http:\/\/filo.unt.edu.ar\/noticias\/?p=9269"},"modified":"2023-09-06T19:08:19","modified_gmt":"2023-09-06T22:08:19","slug":"investigadores-de-filo-ganaron-en-la-convocatoria-redes-federales-de-alto-impacto","status":"publish","type":"post","link":"https:\/\/filo.unt.edu.ar\/noticias\/2023\/08\/10\/investigadores-de-filo-ganaron-en-la-convocatoria-redes-federales-de-alto-impacto\/","title":{"rendered":"Investigadores de Filo ganaron en la convocatoria &#8220;Redes Federales de Alto Impacto&#8221;,"},"content":{"rendered":"<p class=\"xdj266r x11i5rnm xat24cr x1mh8g0r x1vvkbs x126k92a\">El proyecto &#8220;Red Federal de cooperaci\u00f3n cient\u00edfica y vinculaci\u00f3n tecnol\u00f3gica para el fortalecimiento y avance de los procesos de Memoria, Verdad y Justicia&#8221;, ha sido seleccionado en la convocatoria &#8220;Redes Federales de Alto Impacto&#8221;, respaldada por el MINCyT.<\/p>\n<p class=\"xdj266r x11i5rnm xat24cr x1mh8g0r x1vvkbs x126k92a\"><span style=\"font-size: revert;color: initial\">El objetivo de la convocatoria es impulsar la creaci\u00f3n de redes de investigaci\u00f3n altamente calificadas, enfocadas en temas prioritarios para el desarrollo nacional, acordes con los desaf\u00edos nacionales del Plan Nacional de Ciencia, Tecnolog\u00eda e Innovaci\u00f3n 2030. En este marco, el proyecto seleccionado, que tendr\u00e1 un financiamiento global de un mill\u00f3n de d\u00f3lares -de los cuales 240.000 d\u00f3lares corresponden al nodo Tucum\u00e1n-, ser\u00e1 llevado a cabo por investigadores del INTEPH, Instituto de Investigaciones Territoriales y Tecnol\u00f3gicas para la Producci\u00f3n del H\u00e1bitat, que nuestra facultad integra junto a la Facultad de Arquitectura y Urbanismo y la Facultad de Derecho y Ciencias Sociales.<\/span><\/p>\n<p dir=\"auto\"><span style=\"font-size: revert;color: initial\">El grupo de investigadores, becarios y CPA del INTEPH est\u00e1 conformado por Pablo Paolasso (Investigador responsable), Silvia Nassif (Investigadora), Ezequiel Del Bel (investigador), Daniela Wieder (Becaria), Luis Gonz\u00e1lez Alvo (Investigador), Facundo Nanni (Investigador), Gabriela T\u00edo Vallejo (Investigadora) y Luc\u00eda Zarb\u00e1 (CPA). <\/span><\/p>\n<p dir=\"auto\"><span style=\"color: initial\">La participaci\u00f3n de nuestra Facultad, a trav\u00e9s de docentes, investigadores y becarios, resalta el compromiso con la investigaci\u00f3n interdisciplinaria y el avance del conocimiento en \u00e1reas esenciales para nuestra sociedad.<\/span><\/p>\n<p dir=\"auto\">\n<p dir=\"auto\">\n","protected":false},"excerpt":{"rendered":"<p>El proyecto &#8220;Red Federal de cooperaci\u00f3n cient\u00edfica y vinculaci\u00f3n tecnol\u00f3gica para el fortalecimiento y avance de los procesos de Memoria, Verdad y Justicia&#8221;, ha sido seleccionado en la convocatoria &#8220;Redes Federales de Alto Impacto&#8221;, respaldada por el MINCyT. El objetivo de la convocatoria es impulsar la creaci\u00f3n de redes de [&hellip;]<\/p>\n","protected":false},"author":3,"featured_media":9270,"comment_status":"closed","ping_status":"closed","sticky":false,"template":"","format":"standard","meta":{"footnotes":""},"categories":[33,18],"tags":[],"class_list":{"0":"post-9269","1":"post","2":"type-post","3":"status-publish","4":"format-standard","5":"has-post-thumbnail","6":"hentry","7":"category-institutos","8":"category-investigacion","10":"post-with-thumbnail","11":"post-with-thumbnail-large"},"_links":{"self":[{"href":"https:\/\/filo.unt.edu.ar\/noticias\/wp-json\/wp\/v2\/posts\/9269","targetHints":{"allow":["GET"]}}],"collection":[{"href":"https:\/\/filo.unt.edu.ar\/noticias\/wp-json\/wp\/v2\/posts"}],"about":[{"href":"https:\/\/filo.unt.edu.ar\/noticias\/wp-json\/wp\/v2\/types\/post"}],"author":[{"embeddable":true,"href":"https:\/\/filo.unt.edu.ar\/noticias\/wp-json\/wp\/v2\/users\/3"}],"replies":[{"embeddable":true,"href":"https:\/\/filo.unt.edu.ar\/noticias\/wp-json\/wp\/v2\/comments?post=9269"}],"version-history":[{"count":3,"href":"https:\/\/filo.unt.edu.ar\/noticias\/wp-json\/wp\/v2\/posts\/9269\/revisions"}],"predecessor-version":[{"id":9303,"href":"https:\/\/filo.unt.edu.ar\/noticias\/wp-json\/wp\/v2\/posts\/9269\/revisions\/9303"}],"wp:featuredmedia":[{"embeddable":true,"href":"https:\/\/filo.unt.edu.ar\/noticias\/wp-json\/wp\/v2\/media\/9270"}],"wp:attachment":[{"href":"https:\/\/filo.unt.edu.ar\/noticias\/wp-json\/wp\/v2\/media?parent=9269"}],"wp:term":[{"taxonomy":"category","embeddable":true,"href":"https:\/\/filo.unt.edu.ar\/noticias\/wp-json\/wp\/v2\/categories?post=9269"},{"taxonomy":"post_tag","embeddable":true,"href":"https:\/\/filo.unt.edu.ar\/noticias\/wp-json\/wp\/v2\/tags?post=9269"}],"curies":[{"name":"wp","href":"https:\/\/api.w.org\/{rel}","templated":true}]}}