{"id":9259,"date":"2023-08-05T11:30:47","date_gmt":"2023-08-05T14:30:47","guid":{"rendered":"http:\/\/filo.unt.edu.ar\/noticias\/?p=9259"},"modified":"2023-09-05T15:24:57","modified_gmt":"2023-09-05T18:24:57","slug":"ix-jornadas-para-profesores-de-lenguas-extranjeras","status":"publish","type":"post","link":"https:\/\/filo.unt.edu.ar\/noticias\/2023\/08\/05\/ix-jornadas-para-profesores-de-lenguas-extranjeras\/","title":{"rendered":"IX Jornadas para Profesores de Lenguas Extranjeras"},"content":{"rendered":"<p class=\"xdj266r x11i5rnm xat24cr x1mh8g0r x1vvkbs x126k92a\">Entre el 3 y el 5 de agosto se llevaron a cabo las IX Jornadas para Profesores de Lenguas Extranjeras. Adquisici\u00f3n y Did\u00e1ctica de Lenguas Extranjeras en la Escolaridad (ADLE), organizadas por el Proyecto PIUNT H755.<\/p>\n<p dir=\"auto\">El acto de inauguraci\u00f3n fue presidido por la Secretaria Acad\u00e9mica, Prof. Josefina Lanzi y las Doctoras Cecilia Weth y Mar\u00eda Elena Villecco. En ese contexto se realiz\u00f3 un reconocimiento a la Mg. Ana Mar\u00eda Blunda por ser una de las fundadoras del grupo de Investigaci\u00f3n que, desde el 2007, tuvo la iniciativa de organizar y sostener estas Jornadas. Terminado el acto, se dio inicio a las actividades con la Conferencia &#8220;Interacci\u00f3n y colaboraci\u00f3n entre pares durante la lectura en LE&#8221; a cargo de la Dra. Mar\u00eda Eugenia Cabral Leguizam\u00f3n, docente de nuestra casa.<\/p>\n<p>Este a\u00f1o, los ejes tem\u00e1ticos abordados giraron en torno al desarrollo de las habilidades ling\u00fc\u00edsticas, poniendo el foco en repensar las pr\u00e1cticas para innovar; la ense\u00f1anza de una lengua extranjera con fines espec\u00edficos; la reflexi\u00f3n metaling\u00fc\u00edstica y metacognitiva; el rol de las pr\u00e1cticas evaluativas; la ense\u00f1anza por contenidos; el aprendizaje basado en la elaboraci\u00f3n de proyectos y en la resoluci\u00f3n de problemas; las mediaciones para la ense\u00f1anza (el dise\u00f1o de materiales y el uso de las TIC); la importancia de articular contenidos ling\u00fc\u00edsticos contextualizados, en el marco de los g\u00e9neros discursivos; y la adquisici\u00f3n de dos o m\u00e1s lenguas extranjeras.<\/p>\n<div dir=\"auto\">Participaron docentes de los diferentes niveles educativos quienes, a trav\u00e9s de la presentaci\u00f3n de ponencias, el desarrollo de talleres de formaci\u00f3n, la exhibici\u00f3n de publicaciones y de conferencias a cargo de especialistas, presentaron valiosas experiencias y propuestas did\u00e1cticas en torno a contenidos ling\u00fc\u00edsticos, psicoling\u00fc\u00edsticos, interculturales y metodol\u00f3gicos. En este sentido, las jornadas promovieron el intercambio y formaci\u00f3n acad\u00e9mica, impulsando la reflexi\u00f3n te\u00f3rica y metodol\u00f3gica para mejorar las pr\u00e1cticas de ense\u00f1anza\/aprendizaje\/adquisici\u00f3n de lenguas extranjeras.<\/div>\n<div dir=\"auto\">El coloquio de cierre permiti\u00f3 resumir los temas tratados y estimul\u00f3 un enriquecedor espacio de debate. Tuvo tambi\u00e9n un momento musical a cargo del banjo del becario Fulbright Herny Colt.<\/div>\n<p dir=\"auto\"><a href=\"https:\/\/www.facebook.com\/filount\/posts\/pfbid0P1L15ypxEei3LZgvL6QhToaBkcJwzvDFoUjnZp9BbveKD6vjtFH2zLJzZPcRMutSl\" target=\"_blank\" rel=\"noopener\">Ver fotos acto apertura<\/a><\/p>\n<p dir=\"auto\"><a href=\"https:\/\/www.facebook.com\/filount\/posts\/pfbid02nGqUw8BrffS6PTZbUu1o2odWSTujmJRsq9vEvxw6R2564FDCgPoy7kCLAQQt2VF9l\" target=\"_blank\" rel=\"noopener\">Ver fotos del cierre<\/a><\/p>\n","protected":false},"excerpt":{"rendered":"<p>Entre el 3 y el 5 de agosto se llevaron a cabo las IX Jornadas para Profesores de Lenguas Extranjeras. Adquisici\u00f3n y Did\u00e1ctica de Lenguas Extranjeras en la Escolaridad (ADLE), organizadas por el Proyecto PIUNT H755. El acto de inauguraci\u00f3n fue presidido por la Secretaria Acad\u00e9mica, Prof. Josefina Lanzi y [&hellip;]<\/p>\n","protected":false},"author":3,"featured_media":9261,"comment_status":"closed","ping_status":"closed","sticky":false,"template":"","format":"standard","meta":{"footnotes":""},"categories":[8],"tags":[],"class_list":{"0":"post-9259","1":"post","2":"type-post","3":"status-publish","4":"format-standard","5":"has-post-thumbnail","6":"hentry","7":"category-eventos-academicos","9":"post-with-thumbnail","10":"post-with-thumbnail-large"},"_links":{"self":[{"href":"https:\/\/filo.unt.edu.ar\/noticias\/wp-json\/wp\/v2\/posts\/9259","targetHints":{"allow":["GET"]}}],"collection":[{"href":"https:\/\/filo.unt.edu.ar\/noticias\/wp-json\/wp\/v2\/posts"}],"about":[{"href":"https:\/\/filo.unt.edu.ar\/noticias\/wp-json\/wp\/v2\/types\/post"}],"author":[{"embeddable":true,"href":"https:\/\/filo.unt.edu.ar\/noticias\/wp-json\/wp\/v2\/users\/3"}],"replies":[{"embeddable":true,"href":"https:\/\/filo.unt.edu.ar\/noticias\/wp-json\/wp\/v2\/comments?post=9259"}],"version-history":[{"count":5,"href":"https:\/\/filo.unt.edu.ar\/noticias\/wp-json\/wp\/v2\/posts\/9259\/revisions"}],"predecessor-version":[{"id":9299,"href":"https:\/\/filo.unt.edu.ar\/noticias\/wp-json\/wp\/v2\/posts\/9259\/revisions\/9299"}],"wp:featuredmedia":[{"embeddable":true,"href":"https:\/\/filo.unt.edu.ar\/noticias\/wp-json\/wp\/v2\/media\/9261"}],"wp:attachment":[{"href":"https:\/\/filo.unt.edu.ar\/noticias\/wp-json\/wp\/v2\/media?parent=9259"}],"wp:term":[{"taxonomy":"category","embeddable":true,"href":"https:\/\/filo.unt.edu.ar\/noticias\/wp-json\/wp\/v2\/categories?post=9259"},{"taxonomy":"post_tag","embeddable":true,"href":"https:\/\/filo.unt.edu.ar\/noticias\/wp-json\/wp\/v2\/tags?post=9259"}],"curies":[{"name":"wp","href":"https:\/\/api.w.org\/{rel}","templated":true}]}}