{"id":922,"date":"2016-12-21T12:54:36","date_gmt":"2016-12-21T15:54:36","guid":{"rendered":"http:\/\/filo.unt.edu.ar\/noticias\/?p=922"},"modified":"2016-12-21T12:54:36","modified_gmt":"2016-12-21T15:54:36","slug":"conferencia-acerca-de-nuevos-abordajes-pedagogicos-en-bolivia","status":"publish","type":"post","link":"https:\/\/filo.unt.edu.ar\/noticias\/2016\/12\/21\/conferencia-acerca-de-nuevos-abordajes-pedagogicos-en-bolivia\/","title":{"rendered":"Conferencia acerca de nuevos abordajes pedag\u00f3gicos en Bolivia"},"content":{"rendered":"<div id=\"pl-922\"  class=\"panel-layout\"><div id=\"pg-922-0\"  class=\"panel-grid panel-no-style\"><div id=\"pgc-922-0-0\"  class=\"panel-grid-cell\"><div id=\"panel-922-0-0-0\" class=\"so-panel widget widget_sow-editor panel-first-child panel-last-child\" data-index=\"0\"><div\n\t\t\t\n\t\t\tclass=\"so-widget-sow-editor so-widget-sow-editor-base\">\n<div class=\"siteorigin-widget-tinymce textwidget\">\n\t<p>El viernes 16 se llev\u00f3 a cabo la Conferencia<em> Reflexiones sobre los movimientos populares y las construcciones de los nuevos abordajes pedag\u00f3gicos en Bolivia<\/em>. La charla estuvo a cargo del Lic. Rafael Puente Calvo de la Escuela Alternativa Comunidad Ecoactiva Kusikuna Cochabamba, qui\u00e9n habl\u00f3 del proyecto iniciado hace 21 a\u00f1os en Tiquipaya, al pie de la Cordillera.<br \/> <\/p><\/div><\/div><\/div><\/div><\/div><\/div><p><a class=\"more-link\" href=\"https:\/\/filo.unt.edu.ar\/noticias\/2016\/12\/21\/conferencia-acerca-de-nuevos-abordajes-pedagogicos-en-bolivia\/\">Continuar leyendo<span class=\"meta-nav\">&rarr;<\/span><\/a><\/p>","protected":false},"excerpt":{"rendered":"<p>El viernes 16 se llev\u00f3 a cabo la Conferencia Reflexiones sobre los movimientos populares y las construcciones de los nuevos abordajes pedag\u00f3gicos en Bolivia. La charla estuvo a cargo del Lic. Rafael Puente Calvo de la Escuela Alternativa Comunidad Ecoactiva Kusikuna Cochabamba, qui\u00e9n habl\u00f3 del proyecto iniciado hace 21 a\u00f1os [&hellip;]<\/p>\n","protected":false},"author":101013,"featured_media":923,"comment_status":"closed","ping_status":"closed","sticky":false,"template":"","format":"standard","meta":{"footnotes":""},"categories":[6],"tags":[],"class_list":{"0":"post-922","1":"post","2":"type-post","3":"status-publish","4":"format-standard","5":"has-post-thumbnail","6":"hentry","7":"category-extension","9":"post-with-thumbnail","10":"post-with-thumbnail-large"},"_links":{"self":[{"href":"https:\/\/filo.unt.edu.ar\/noticias\/wp-json\/wp\/v2\/posts\/922","targetHints":{"allow":["GET"]}}],"collection":[{"href":"https:\/\/filo.unt.edu.ar\/noticias\/wp-json\/wp\/v2\/posts"}],"about":[{"href":"https:\/\/filo.unt.edu.ar\/noticias\/wp-json\/wp\/v2\/types\/post"}],"author":[{"embeddable":true,"href":"https:\/\/filo.unt.edu.ar\/noticias\/wp-json\/wp\/v2\/users\/101013"}],"replies":[{"embeddable":true,"href":"https:\/\/filo.unt.edu.ar\/noticias\/wp-json\/wp\/v2\/comments?post=922"}],"version-history":[{"count":4,"href":"https:\/\/filo.unt.edu.ar\/noticias\/wp-json\/wp\/v2\/posts\/922\/revisions"}],"predecessor-version":[{"id":997,"href":"https:\/\/filo.unt.edu.ar\/noticias\/wp-json\/wp\/v2\/posts\/922\/revisions\/997"}],"wp:featuredmedia":[{"embeddable":true,"href":"https:\/\/filo.unt.edu.ar\/noticias\/wp-json\/wp\/v2\/media\/923"}],"wp:attachment":[{"href":"https:\/\/filo.unt.edu.ar\/noticias\/wp-json\/wp\/v2\/media?parent=922"}],"wp:term":[{"taxonomy":"category","embeddable":true,"href":"https:\/\/filo.unt.edu.ar\/noticias\/wp-json\/wp\/v2\/categories?post=922"},{"taxonomy":"post_tag","embeddable":true,"href":"https:\/\/filo.unt.edu.ar\/noticias\/wp-json\/wp\/v2\/tags?post=922"}],"curies":[{"name":"wp","href":"https:\/\/api.w.org\/{rel}","templated":true}]}}