{"id":9120,"date":"2023-06-13T12:59:03","date_gmt":"2023-06-13T15:59:03","guid":{"rendered":"http:\/\/filo.unt.edu.ar\/noticias\/?p=9120"},"modified":"2023-07-04T13:16:42","modified_gmt":"2023-07-04T16:16:42","slug":"simposio-internacional-en-homenaje-a-italo-calvino","status":"publish","type":"post","link":"https:\/\/filo.unt.edu.ar\/noticias\/2023\/06\/13\/simposio-internacional-en-homenaje-a-italo-calvino\/","title":{"rendered":"Simposio Internacional en Homenaje a Italo Calvino"},"content":{"rendered":"<p>El martes 13 se llev\u00f3 a cabo, de manera virtual el Simposio Internacional en Homenaje a \u00cdtalo Calvino, organizado por la C\u00e1tedra de Literatura Extranjera II (Italiana Contempor\u00e1nea).<\/p>\n<p>Presidieron el acto de apertura la Dra. Viviana D&#8217;andrea, encargada de la C\u00e1tedra organizadora, y la Prof. Josefina Lanzi, secretaria acad\u00e9mica de la Facultad, quien dio la bienvenida a las y los participantes y agradeci\u00f3 especialmente a las y los conferencistas, locales y extranjeros, que participaban del evento. Adem\u00e1s, destac\u00f3 la importancia de un evento acad\u00e9mico que pone de relevancia la vida de un escritor que &#8220;desaf\u00eda al lector con sus escritos. Calvino ha buscado desafiar las convenciones, cuestionar las percepciones establecidas y explorar los l\u00edmites posibles de la imaginaci\u00f3n humana&#8221;.<\/p>\n<p>Por su parte, La Dra. D&#8217;Andrea hizo un recorrido por la vida y la producci\u00f3n del escritor homenajeado. Coment\u00f3 c\u00f3mo se hab\u00eda gestado la jornada, pensada como un espacio de di\u00e1logo y capacitaci\u00f3n en el que se compartan saberes sobre Calvino y &#8220;as\u00ed sumarnos a la cadena internacional de homenaje&#8221;.<\/p>\n<p>El encuentro cont\u00f3 con la participaci\u00f3n, en mesas paneles, de prestigiosos acad\u00e9micos y especialistas como, la D<span style=\"font-size: revert;color: initial\">ra. Ricarda Hirte de la Universidad de C\u00f3rdoba \u2013 Espa\u00f1a; las Dras. Viviana D\u2019Andrea, Nora Vera, Carolina S\u00e1nchez, Mar\u00eda P\u00eda Marcaida, Mar\u00eda Gabriela Rojas y las Lic. Adriana Lucero y Mar\u00eda del Huerto Heredia Zazzarini, de la UNT; el <\/span><span style=\"font-size: revert;color: initial\">Mg. Federico Ferroggiaro de la UNR; y la Prof. Edith P\u00e9rez de la UNNE.\u00a0<\/span><\/p>\n<p>Durante este simposio, los participantes se sumergieron en la vida y obra de \u00cdtalo Calvino, uno de los m\u00e1s destacados escritores italianos contempor\u00e1neos. Fue una oportunidad para explorar su legado literario y reflexionar sobre su impacto en la literatura mundial.<\/p>\n<p><a href=\"https:\/\/www.facebook.com\/filount\/posts\/pfbid0FUgF3iu9XWTNQbSznfVtteJ7Zio4np5JVYASa11rJogfVmQGMX6eUVya1UG8g2FXl\" target=\"_blank\" rel=\"noopener\">Ver fotos<\/a><\/p>\n<p><a href=\"https:\/\/www.youtube.com\/watch?v=ip3NdbWGng4\" target=\"_blank\" rel=\"noopener\">Ver video<\/a><\/p>\n<p><a href=\"https:\/\/www.youtube.com\/watch?v=f3LeqLRZbJU\" target=\"_blank\" rel=\"noopener\">Ver video<\/a><\/p>\n","protected":false},"excerpt":{"rendered":"<p>El martes 13 se llev\u00f3 a cabo, de manera virtual el Simposio Internacional en Homenaje a \u00cdtalo Calvino, organizado por la C\u00e1tedra de Literatura Extranjera II (Italiana Contempor\u00e1nea). Presidieron el acto de apertura la Dra. Viviana D&#8217;andrea, encargada de la C\u00e1tedra organizadora, y la Prof. Josefina Lanzi, secretaria acad\u00e9mica de [&hellip;]<\/p>\n","protected":false},"author":3,"featured_media":9123,"comment_status":"closed","ping_status":"closed","sticky":false,"template":"","format":"standard","meta":{"footnotes":""},"categories":[8],"tags":[],"class_list":{"0":"post-9120","1":"post","2":"type-post","3":"status-publish","4":"format-standard","5":"has-post-thumbnail","6":"hentry","7":"category-eventos-academicos","9":"post-with-thumbnail","10":"post-with-thumbnail-large"},"_links":{"self":[{"href":"https:\/\/filo.unt.edu.ar\/noticias\/wp-json\/wp\/v2\/posts\/9120","targetHints":{"allow":["GET"]}}],"collection":[{"href":"https:\/\/filo.unt.edu.ar\/noticias\/wp-json\/wp\/v2\/posts"}],"about":[{"href":"https:\/\/filo.unt.edu.ar\/noticias\/wp-json\/wp\/v2\/types\/post"}],"author":[{"embeddable":true,"href":"https:\/\/filo.unt.edu.ar\/noticias\/wp-json\/wp\/v2\/users\/3"}],"replies":[{"embeddable":true,"href":"https:\/\/filo.unt.edu.ar\/noticias\/wp-json\/wp\/v2\/comments?post=9120"}],"version-history":[{"count":6,"href":"https:\/\/filo.unt.edu.ar\/noticias\/wp-json\/wp\/v2\/posts\/9120\/revisions"}],"predecessor-version":[{"id":9179,"href":"https:\/\/filo.unt.edu.ar\/noticias\/wp-json\/wp\/v2\/posts\/9120\/revisions\/9179"}],"wp:featuredmedia":[{"embeddable":true,"href":"https:\/\/filo.unt.edu.ar\/noticias\/wp-json\/wp\/v2\/media\/9123"}],"wp:attachment":[{"href":"https:\/\/filo.unt.edu.ar\/noticias\/wp-json\/wp\/v2\/media?parent=9120"}],"wp:term":[{"taxonomy":"category","embeddable":true,"href":"https:\/\/filo.unt.edu.ar\/noticias\/wp-json\/wp\/v2\/categories?post=9120"},{"taxonomy":"post_tag","embeddable":true,"href":"https:\/\/filo.unt.edu.ar\/noticias\/wp-json\/wp\/v2\/tags?post=9120"}],"curies":[{"name":"wp","href":"https:\/\/api.w.org\/{rel}","templated":true}]}}