{"id":9105,"date":"2023-06-30T12:57:18","date_gmt":"2023-06-30T15:57:18","guid":{"rendered":"http:\/\/filo.unt.edu.ar\/noticias\/?p=9105"},"modified":"2023-08-02T10:05:34","modified_gmt":"2023-08-02T13:05:34","slug":"jornada-de-concientizacion-ambiental-2023","status":"publish","type":"post","link":"https:\/\/filo.unt.edu.ar\/noticias\/2023\/06\/30\/jornada-de-concientizacion-ambiental-2023\/","title":{"rendered":"Jornada de concientizaci\u00f3n ambiental 2023"},"content":{"rendered":"<p>Como cierre del mes del medio ambiente, el viernes 30 de junio, Filo reafirm\u00f3 su compromiso con una Universidad sustentable con la &#8220;Jornada de Concientizaci\u00f3n ambiental 2023&#8221;, organizada por el Departamento de Geograf\u00eda, el Instituto de Estudios Geogr\u00e1ficos \u201cGuillermo Rohmeder\u201d y la Secretar\u00eda de Extensi\u00f3n.<\/p>\n<p>La actividad tuvo como objetivo promover la reflexi\u00f3n y el di\u00e1logo en torno a cuestiones ambientales\u00a0 y present\u00f3 diversidad de actividades: exhibici\u00f3n de propuestas en stand; muestras ambientales por parte del CIAT -Taf\u00ed viejo-, el Parque Nacional Aconquija, el Jard\u00edn Bot\u00e1nico Miguel Lillo; viveros comunitarios; y exposiciones de especialistas.<\/p>\n<p>El acto inaugural estuvo presidido por el decano de la Facultad, Sergio Robin; la directora del Departamento de Geograf\u00eda, Prof. Ana Cusa; y la coordinadora del evento, Prof. F\u00e1tima Figueroa, quien tuvo la palabra en primer t\u00e9rmino.<\/p>\n<p>Figueroa afirm\u00f3 que el encuentro representaba un hito importante en la instituci\u00f3n, en el marco de una sociedad que, cada d\u00eda m\u00e1s, tomaba consciencia de la importancia del cuidado del medio ambiente. Mencion\u00f3 los impactos negativos que nuestras acciones tienen sobre el ambiente y exhort\u00f3 a actuar responsablemente, a fomentar la reflexi\u00f3n cr\u00edtica. &#8220;Nuestra Facultad asume un papel protagonista en el camino hacia el futuro m\u00e1s sostenible. Como disciplinas human\u00edsticas, y desde la carrera de geograf\u00eda y el Instituto de Geograf\u00eda, tenemos la capacidad de profundizar en la comprensi\u00f3n del mundo y de provocar un cambio significativo en nuestras vidas y en la sociedad. Esta jornada es el primer paso de un largo y continuo camino hacia la adopci\u00f3n de pr\u00e1cticas sostenibles&#8221;, afirm\u00f3.<\/p>\n<p>La profesora Cusa, luego de agradecer a los presentes y a quienes colaboraron para la concreci\u00f3n de la Jornada, record\u00f3 que, desde el 2022, la Facultad ha fortalecido su compromiso con un modelo de Universidad sostenible, a trav\u00e9s de una serie de acuerdos con organizaciones sociales y entidades estatales, con la mira a cumplir los objetivos de Naciones Unidas respecto a un modelo sostenible de mundo, de cara al 2030. Destac\u00f3 la importancia de formar h\u00e1bitos de cuidados de nuestro entorno para lograr una mejor calidad de vida para todos y todas.<\/p>\n<p>En la misma l\u00ednea, el decano reafirm\u00f3 el compromiso de la gesti\u00f3n con una Facultad sostenible. Destac\u00f3 que &#8220;estamos viviendo una \u00e9poca complicada en t\u00e9rminos de &#8216;g\u00e9nero humano&#8217;. En la historia del planeta no hubo nunca una especie que haya tenido tanta influencia en la forma en que se desarrolla esa historia. La humanidad est\u00e1 incidiendo de una manera tan delicada que puede comprometer el futuro del resto de las especies&#8221;. Y se pregunt\u00f3 sobre las formas de enfrentar este desaf\u00edo, de lograr un cambio de consciencia &#8220;\u00bfc\u00f3mo incidir en variables que exceden a nuestra condici\u00f3n individual, e incluso comunitaria?&#8221;. Ante esta pregunta plante\u00f3 que las acciones que estaba proponiendo la Facultad eran un grano de arena que, &#8220;aunque parezca una cosa muy min\u00fascula, como dir\u00eda Atahualpa Yupanqui &#8216;hay monta\u00f1as de arena'&#8221;. &#8220;Creemos que el rol de la Universidad es empezar a conciliar niveles de voluntad de trabajo, de decisi\u00f3n y de inteligencia&#8221;, enfatiz\u00f3. Y destac\u00f3 la presencia de personas que integran equipos de trabajo que representan al Estado Nacional, al provincial y al nivel municipal. A su vez, mencion\u00f3 que estas acciones, hacia el adentro de la Facultad, concilian el trabajo de los tres estamentos que la conforman, conciliando pensamiento y acci\u00f3n. Cabe recordar que el proyecto de Filo Sustentable inici\u00f3 ya con una acci\u00f3n concreta, la de separar residuos h\u00famedos de secos. Los h\u00famedos son retirados por la Empresa 9 de Julio, y los secos, por recicladores urbanos del Barrio Costanera. Finalmente, el decano dese\u00f3 una provechosa y exitosa Jornada.<\/p>\n<p>Finalizado el acto, iniciaron las exposiciones de especialistas. Primero, expuso el Lic. Mat\u00edas Salas (Jard\u00edn bot\u00e1nico Miguel Lillo) en trabajo conjunto con Marianela Carrapize, sobre el rol de los jardines bot\u00e1nicos en la educaci\u00f3n ambiental. Luego, la Prof. Gabriela Arana y Marcelo Romero, del Ministerio de Educaci\u00f3n, presentaron el Programa EducActiva.<\/p>\n<p>A las jornadas asistieron miembros de nuestra comunidad y colegios y escuelas de los niveles secundarios y terciarios de nuestra provincia.<\/p>\n<p><a href=\"https:\/\/www.facebook.com\/filount\/posts\/pfbid0nQZVFocmZhWsgvoe23M8bUBrvUMaeuTPt7sH7GT2ATkkhPsBk2c95PKnNoNaQCtBl\" target=\"_blank\" rel=\"noopener\">Ver fotos<\/a><\/p>\n","protected":false},"excerpt":{"rendered":"<p>Como cierre del mes del medio ambiente, el viernes 30 de junio, Filo reafirm\u00f3 su compromiso con una Universidad sustentable con la &#8220;Jornada de Concientizaci\u00f3n ambiental 2023&#8221;, organizada por el Departamento de Geograf\u00eda, el Instituto de Estudios Geogr\u00e1ficos \u201cGuillermo Rohmeder\u201d y la Secretar\u00eda de Extensi\u00f3n. La actividad tuvo como objetivo [&hellip;]<\/p>\n","protected":false},"author":3,"featured_media":9108,"comment_status":"closed","ping_status":"closed","sticky":false,"template":"","format":"standard","meta":{"footnotes":""},"categories":[16,8,6,33,18],"tags":[],"class_list":{"0":"post-9105","1":"post","2":"type-post","3":"status-publish","4":"format-standard","5":"has-post-thumbnail","6":"hentry","7":"category-espacio-cultural","8":"category-eventos-academicos","9":"category-extension","10":"category-institutos","11":"category-investigacion","13":"post-with-thumbnail","14":"post-with-thumbnail-large"},"_links":{"self":[{"href":"https:\/\/filo.unt.edu.ar\/noticias\/wp-json\/wp\/v2\/posts\/9105","targetHints":{"allow":["GET"]}}],"collection":[{"href":"https:\/\/filo.unt.edu.ar\/noticias\/wp-json\/wp\/v2\/posts"}],"about":[{"href":"https:\/\/filo.unt.edu.ar\/noticias\/wp-json\/wp\/v2\/types\/post"}],"author":[{"embeddable":true,"href":"https:\/\/filo.unt.edu.ar\/noticias\/wp-json\/wp\/v2\/users\/3"}],"replies":[{"embeddable":true,"href":"https:\/\/filo.unt.edu.ar\/noticias\/wp-json\/wp\/v2\/comments?post=9105"}],"version-history":[{"count":5,"href":"https:\/\/filo.unt.edu.ar\/noticias\/wp-json\/wp\/v2\/posts\/9105\/revisions"}],"predecessor-version":[{"id":9172,"href":"https:\/\/filo.unt.edu.ar\/noticias\/wp-json\/wp\/v2\/posts\/9105\/revisions\/9172"}],"wp:featuredmedia":[{"embeddable":true,"href":"https:\/\/filo.unt.edu.ar\/noticias\/wp-json\/wp\/v2\/media\/9108"}],"wp:attachment":[{"href":"https:\/\/filo.unt.edu.ar\/noticias\/wp-json\/wp\/v2\/media?parent=9105"}],"wp:term":[{"taxonomy":"category","embeddable":true,"href":"https:\/\/filo.unt.edu.ar\/noticias\/wp-json\/wp\/v2\/categories?post=9105"},{"taxonomy":"post_tag","embeddable":true,"href":"https:\/\/filo.unt.edu.ar\/noticias\/wp-json\/wp\/v2\/tags?post=9105"}],"curies":[{"name":"wp","href":"https:\/\/api.w.org\/{rel}","templated":true}]}}