{"id":9079,"date":"2023-06-13T12:32:00","date_gmt":"2023-06-13T15:32:00","guid":{"rendered":"http:\/\/filo.unt.edu.ar\/noticias\/?p=9079"},"modified":"2023-07-04T13:18:14","modified_gmt":"2023-07-04T16:18:14","slug":"primera-edicion-del-ciclo-de-cine-debate-en-el-aula","status":"publish","type":"post","link":"https:\/\/filo.unt.edu.ar\/noticias\/2023\/06\/13\/primera-edicion-del-ciclo-de-cine-debate-en-el-aula\/","title":{"rendered":"Primera Edici\u00f3n del Ciclo de Cine debate &#8220;En el aula&#8221;"},"content":{"rendered":"<p>El lunes 12, en el Espacio Cultural, se llev\u00f3 a cabo la primera edici\u00f3n del &#8220;Ciclo de Cine debate\u00a0 &#8220;En el aula&#8221;, organizado por la C\u00e1tedra de Literatura Espa\u00f1ola II.<\/p>\n<p>En esta oportunidad, se proyect\u00f3 el film de producci\u00f3n espa\u00f1ola y mexicana <em>El laberinto del fauno, <\/em>\u00a0dirigida por Guillermo del Toro. Esta propuesta cinematogr\u00e1fica, de gran reconocimiento internacional, conjuga el g\u00e9nero dram\u00e1tico y la fantas\u00eda propia de los cuentos y mitos tradicionales.<\/p>\n<p>Asistieron las y los estudiantes de la c\u00e1tedra y p\u00fablico en general. La actividad incluy\u00f3 una instalaci\u00f3n visual con dibujos de la estudiante de artes, Mariana Parrado. Finaliz\u00f3 con un debate abierto sobre algunas de las tem\u00e1ticas -franquismo, represi\u00f3n, la mujer y el rol de la fantas\u00eda en el proceso de concientizaci\u00f3n de la protagonista- sobre las que el film invita a reflexionar.<\/p>\n<p><a href=\"https:\/\/www.facebook.com\/filount\/posts\/pfbid02M8QstpqqQxX82VihpWfVBfrsSV2WBBgZotLTuGEmiXsWpx7bipf1TYq3qG2ynnYxl\" target=\"_blank\" rel=\"noopener\">Ver fotos<\/a><\/p>\n","protected":false},"excerpt":{"rendered":"<p>El lunes 12, en el Espacio Cultural, se llev\u00f3 a cabo la primera edici\u00f3n del &#8220;Ciclo de Cine debate\u00a0 &#8220;En el aula&#8221;, organizado por la C\u00e1tedra de Literatura Espa\u00f1ola II. En esta oportunidad, se proyect\u00f3 el film de producci\u00f3n espa\u00f1ola y mexicana El laberinto del fauno, \u00a0dirigida por Guillermo del [&hellip;]<\/p>\n","protected":false},"author":3,"featured_media":9080,"comment_status":"closed","ping_status":"closed","sticky":false,"template":"","format":"standard","meta":{"footnotes":""},"categories":[16,8],"tags":[],"class_list":{"0":"post-9079","1":"post","2":"type-post","3":"status-publish","4":"format-standard","5":"has-post-thumbnail","6":"hentry","7":"category-espacio-cultural","8":"category-eventos-academicos","10":"post-with-thumbnail","11":"post-with-thumbnail-large"},"_links":{"self":[{"href":"https:\/\/filo.unt.edu.ar\/noticias\/wp-json\/wp\/v2\/posts\/9079","targetHints":{"allow":["GET"]}}],"collection":[{"href":"https:\/\/filo.unt.edu.ar\/noticias\/wp-json\/wp\/v2\/posts"}],"about":[{"href":"https:\/\/filo.unt.edu.ar\/noticias\/wp-json\/wp\/v2\/types\/post"}],"author":[{"embeddable":true,"href":"https:\/\/filo.unt.edu.ar\/noticias\/wp-json\/wp\/v2\/users\/3"}],"replies":[{"embeddable":true,"href":"https:\/\/filo.unt.edu.ar\/noticias\/wp-json\/wp\/v2\/comments?post=9079"}],"version-history":[{"count":3,"href":"https:\/\/filo.unt.edu.ar\/noticias\/wp-json\/wp\/v2\/posts\/9079\/revisions"}],"predecessor-version":[{"id":9180,"href":"https:\/\/filo.unt.edu.ar\/noticias\/wp-json\/wp\/v2\/posts\/9079\/revisions\/9180"}],"wp:featuredmedia":[{"embeddable":true,"href":"https:\/\/filo.unt.edu.ar\/noticias\/wp-json\/wp\/v2\/media\/9080"}],"wp:attachment":[{"href":"https:\/\/filo.unt.edu.ar\/noticias\/wp-json\/wp\/v2\/media?parent=9079"}],"wp:term":[{"taxonomy":"category","embeddable":true,"href":"https:\/\/filo.unt.edu.ar\/noticias\/wp-json\/wp\/v2\/categories?post=9079"},{"taxonomy":"post_tag","embeddable":true,"href":"https:\/\/filo.unt.edu.ar\/noticias\/wp-json\/wp\/v2\/tags?post=9079"}],"curies":[{"name":"wp","href":"https:\/\/api.w.org\/{rel}","templated":true}]}}