{"id":903,"date":"2016-12-19T13:13:13","date_gmt":"2016-12-19T16:13:13","guid":{"rendered":"http:\/\/filo.unt.edu.ar\/noticias\/?p=903"},"modified":"2016-12-21T11:03:55","modified_gmt":"2016-12-21T14:03:55","slug":"nueva-colacion-de-grado-en-filosofia-y-letras","status":"publish","type":"post","link":"https:\/\/filo.unt.edu.ar\/noticias\/2016\/12\/19\/nueva-colacion-de-grado-en-filosofia-y-letras\/","title":{"rendered":"Nueva Colaci\u00f3n de Grado en Filosof\u00eda y Letras"},"content":{"rendered":"<div id=\"pl-903\"  class=\"panel-layout\"><div id=\"pg-903-0\"  class=\"panel-grid panel-no-style\"><div id=\"pgc-903-0-0\"  class=\"panel-grid-cell\"><div id=\"panel-903-0-0-0\" class=\"so-panel widget widget_sow-editor panel-first-child panel-last-child\" data-index=\"0\"><div\n\t\t\t\n\t\t\tclass=\"so-widget-sow-editor so-widget-sow-editor-base\">\n<div class=\"siteorigin-widget-tinymce textwidget\">\n\t<p>Con el Anfiteatro Doz de Plaza colmado, Filosof\u00eda y Letras realiz\u00f3 una nueva Colaci\u00f3n de grado. En esta oportunidad se entregaron noventa y cinco t\u00edtulos de pre-grado, grado y posgrado, cifra que completa los cuatrocientos t\u00edtulos dados durante el 2016.<br \/> <\/p><\/div><\/div><\/div><\/div><\/div><\/div><p><a class=\"more-link\" href=\"https:\/\/filo.unt.edu.ar\/noticias\/2016\/12\/19\/nueva-colacion-de-grado-en-filosofia-y-letras\/\">Continuar leyendo<span class=\"meta-nav\">&rarr;<\/span><\/a><\/p>","protected":false},"excerpt":{"rendered":"<p>Con el Anfiteatro Doz de Plaza colmado, Filosof\u00eda y Letras realiz\u00f3 una nueva Colaci\u00f3n de grado. En esta oportunidad se entregaron noventa y cinco t\u00edtulos de pre-grado, grado y posgrado, cifra que completa los cuatrocientos t\u00edtulos dados durante el 2016. La decana de la facultad, Dra. Mercedes Leal, tras dar [&hellip;]<\/p>\n","protected":false},"author":101013,"featured_media":904,"comment_status":"closed","ping_status":"closed","sticky":false,"template":"","format":"standard","meta":{"footnotes":""},"categories":[8],"tags":[],"class_list":{"0":"post-903","1":"post","2":"type-post","3":"status-publish","4":"format-standard","5":"has-post-thumbnail","6":"hentry","7":"category-eventos-academicos","9":"post-with-thumbnail","10":"post-with-thumbnail-large"},"_links":{"self":[{"href":"https:\/\/filo.unt.edu.ar\/noticias\/wp-json\/wp\/v2\/posts\/903","targetHints":{"allow":["GET"]}}],"collection":[{"href":"https:\/\/filo.unt.edu.ar\/noticias\/wp-json\/wp\/v2\/posts"}],"about":[{"href":"https:\/\/filo.unt.edu.ar\/noticias\/wp-json\/wp\/v2\/types\/post"}],"author":[{"embeddable":true,"href":"https:\/\/filo.unt.edu.ar\/noticias\/wp-json\/wp\/v2\/users\/101013"}],"replies":[{"embeddable":true,"href":"https:\/\/filo.unt.edu.ar\/noticias\/wp-json\/wp\/v2\/comments?post=903"}],"version-history":[{"count":3,"href":"https:\/\/filo.unt.edu.ar\/noticias\/wp-json\/wp\/v2\/posts\/903\/revisions"}],"predecessor-version":[{"id":971,"href":"https:\/\/filo.unt.edu.ar\/noticias\/wp-json\/wp\/v2\/posts\/903\/revisions\/971"}],"wp:featuredmedia":[{"embeddable":true,"href":"https:\/\/filo.unt.edu.ar\/noticias\/wp-json\/wp\/v2\/media\/904"}],"wp:attachment":[{"href":"https:\/\/filo.unt.edu.ar\/noticias\/wp-json\/wp\/v2\/media?parent=903"}],"wp:term":[{"taxonomy":"category","embeddable":true,"href":"https:\/\/filo.unt.edu.ar\/noticias\/wp-json\/wp\/v2\/categories?post=903"},{"taxonomy":"post_tag","embeddable":true,"href":"https:\/\/filo.unt.edu.ar\/noticias\/wp-json\/wp\/v2\/tags?post=903"}],"curies":[{"name":"wp","href":"https:\/\/api.w.org\/{rel}","templated":true}]}}