{"id":8950,"date":"2023-05-18T11:01:00","date_gmt":"2023-05-18T14:01:00","guid":{"rendered":"http:\/\/filo.unt.edu.ar\/noticias\/?p=8950"},"modified":"2023-05-31T11:36:07","modified_gmt":"2023-05-31T14:36:07","slug":"encuentro-con-dante-reflexiones-sobre-su-legado-medieval-y-su-influencia-en-el-cine-y-la-literatura","status":"publish","type":"post","link":"https:\/\/filo.unt.edu.ar\/noticias\/2023\/05\/18\/encuentro-con-dante-reflexiones-sobre-su-legado-medieval-y-su-influencia-en-el-cine-y-la-literatura\/","title":{"rendered":"Encuentro con Dante: reflexiones sobre su legado medieval y su influencia en el cine y la literatura"},"content":{"rendered":"<p>El pasado 16 de mayo, el Instituto de Investigaciones Ling\u00fc\u00edsticas y Literarias Hispanoamericanas &#8220;Elena Rojas Mayer&#8221; (INSIL) organiz\u00f3 una mesa panel titulada &#8220;Encuentro con Dante&#8221;. Este evento reuni\u00f3 expertos en el campo de la literatura italiana y permiti\u00f3 profundizar en el an\u00e1lisis de la figura del famoso poeta y escritor italiano, Dante Alighieri.<\/p>\n<p>La mesa panel, organizada por la C\u00e1tedra de Literatura Extranjera Italiana I (Medieval), cont\u00f3 con la participaci\u00f3n de tres expositores. La Dra. Nora Sforza, de la Universidad de Buenos Aires (UBA), present\u00f3 su investigaci\u00f3n sobre &#8220;La crisis medieval en los tiempos de Dante&#8221;, examinando el contexto hist\u00f3rico en el que se desarroll\u00f3 la obra del poeta y su impacto en la \u00e9poca.<\/p>\n<p>Por su parte, la Dra. Elena Acevedo, de la Universidad Nacional de Tucum\u00e1n (UNT), ofreci\u00f3 una ponencia titulada &#8220;Dante de la Literatura al cine: Pupi Avati&#8221;. En su exposici\u00f3n, explor\u00f3 la influencia de la obra de Dante en la cinematograf\u00eda contempor\u00e1nea, haciendo especial \u00e9nfasis en el director italiano Pupi Avati y su interpretaci\u00f3n del legado dantesco.<\/p>\n<p>El tercer expositor, el Mg. Pedro Arturo G\u00f3mez, tambi\u00e9n de la UNT, present\u00f3 su investigaci\u00f3n &#8220;Dante como road movie de Boccaccio&#8221;. En su intervenci\u00f3n, examin\u00f3 c\u00f3mo el escritor Giovanni Boccaccio, contempor\u00e1neo de Dante, utiliz\u00f3 la figura del poeta en su obra &#8220;Decamer\u00f3n&#8221; y c\u00f3mo esta representaci\u00f3n influy\u00f3 en la concepci\u00f3n literaria posterior.<\/p>\n<p>El evento cont\u00f3 con el apoyo y auspicio del INSIL, la Asociaci\u00f3n de Docentes e Investigadores en Lengua y Literatura Italianas (ADILLI) y la Facultad de Filosof\u00eda y Letras. Adem\u00e1s, form\u00f3 parte de las actividades del proyecto PIUNT: Italiano y Espa\u00f1ol como lenguas extranjeras: abordajes multidisciplinarios a los modos de significar, ense\u00f1ar y aprender. La presencia de estos importantes actores en el \u00e1mbito acad\u00e9mico demostr\u00f3 el inter\u00e9s y la relevancia que el estudio de Dante contin\u00faa teniendo en la actualidad.<\/p>\n<p>Los expositores brindaron una visi\u00f3n profunda y multidisciplinaria del legado del poeta italiano, explorando su contexto hist\u00f3rico, su influencia en el cine y su representaci\u00f3n en otras obras literarias. Este evento refuerza el compromiso del INSIL y las instituciones colaboradoras con la promoci\u00f3n y difusi\u00f3n de la cultura italiana y la importancia de estudiar la figura de Dante Dante Alighieri.<\/p>\n","protected":false},"excerpt":{"rendered":"<p>El pasado 16 de mayo, el Instituto de Investigaciones Ling\u00fc\u00edsticas y Literarias Hispanoamericanas &#8220;Elena Rojas Mayer&#8221; (INSIL) organiz\u00f3 una mesa panel titulada &#8220;Encuentro con Dante&#8221;. Este evento reuni\u00f3 expertos en el campo de la literatura italiana y permiti\u00f3 profundizar en el an\u00e1lisis de la figura del famoso poeta y escritor [&hellip;]<\/p>\n","protected":false},"author":101021,"featured_media":8974,"comment_status":"closed","ping_status":"closed","sticky":false,"template":"","format":"standard","meta":{"footnotes":""},"categories":[8,6],"tags":[],"class_list":{"0":"post-8950","1":"post","2":"type-post","3":"status-publish","4":"format-standard","5":"has-post-thumbnail","6":"hentry","7":"category-eventos-academicos","8":"category-extension","10":"post-with-thumbnail","11":"post-with-thumbnail-large"},"_links":{"self":[{"href":"https:\/\/filo.unt.edu.ar\/noticias\/wp-json\/wp\/v2\/posts\/8950","targetHints":{"allow":["GET"]}}],"collection":[{"href":"https:\/\/filo.unt.edu.ar\/noticias\/wp-json\/wp\/v2\/posts"}],"about":[{"href":"https:\/\/filo.unt.edu.ar\/noticias\/wp-json\/wp\/v2\/types\/post"}],"author":[{"embeddable":true,"href":"https:\/\/filo.unt.edu.ar\/noticias\/wp-json\/wp\/v2\/users\/101021"}],"replies":[{"embeddable":true,"href":"https:\/\/filo.unt.edu.ar\/noticias\/wp-json\/wp\/v2\/comments?post=8950"}],"version-history":[{"count":4,"href":"https:\/\/filo.unt.edu.ar\/noticias\/wp-json\/wp\/v2\/posts\/8950\/revisions"}],"predecessor-version":[{"id":8981,"href":"https:\/\/filo.unt.edu.ar\/noticias\/wp-json\/wp\/v2\/posts\/8950\/revisions\/8981"}],"wp:featuredmedia":[{"embeddable":true,"href":"https:\/\/filo.unt.edu.ar\/noticias\/wp-json\/wp\/v2\/media\/8974"}],"wp:attachment":[{"href":"https:\/\/filo.unt.edu.ar\/noticias\/wp-json\/wp\/v2\/media?parent=8950"}],"wp:term":[{"taxonomy":"category","embeddable":true,"href":"https:\/\/filo.unt.edu.ar\/noticias\/wp-json\/wp\/v2\/categories?post=8950"},{"taxonomy":"post_tag","embeddable":true,"href":"https:\/\/filo.unt.edu.ar\/noticias\/wp-json\/wp\/v2\/tags?post=8950"}],"curies":[{"name":"wp","href":"https:\/\/api.w.org\/{rel}","templated":true}]}}