{"id":8902,"date":"2023-05-12T08:27:42","date_gmt":"2023-05-12T11:27:42","guid":{"rendered":"http:\/\/filo.unt.edu.ar\/noticias\/?p=8902"},"modified":"2023-05-31T10:24:54","modified_gmt":"2023-05-31T13:24:54","slug":"charla-epitetos-grupales-representacion-expresividad-y-discursividad","status":"publish","type":"post","link":"https:\/\/filo.unt.edu.ar\/noticias\/2023\/05\/12\/charla-epitetos-grupales-representacion-expresividad-y-discursividad\/","title":{"rendered":"Charla &#8220;Ep\u00edtetos grupales: Representaci\u00f3n, expresividad y discursividad&#8221;"},"content":{"rendered":"<div class=\"flex-1 overflow-hidden\">\n<div class=\"react-scroll-to-bottom--css-cgyxy-79elbk h-full dark:bg-gray-800\">\n<div class=\"react-scroll-to-bottom--css-cgyxy-1n7m0yu\">\n<div class=\"flex flex-col text-sm dark:bg-gray-800\">\n<div class=\"group w-full text-gray-800 dark:text-gray-100 border-b border-black\/10 dark:border-gray-900\/50 bg-gray-50 dark:bg-[#444654]\">\n<div class=\"flex p-4 gap-4 text-base md:gap-6 md:max-w-2xl lg:max-w-xl xl:max-w-3xl md:py-6 lg:px-0 m-auto\">\n<div class=\"relative flex w-[calc(100%-50px)] flex-col gap-1 md:gap-3 lg:w-[calc(100%-115px)]\">\n<div class=\"flex flex-grow flex-col gap-3\">\n<div class=\"min-h-[20px] flex flex-col items-start gap-4 whitespace-pre-wrap break-words\">\n<div class=\"markdown prose w-full break-words dark:prose-invert light\">\n<p>El Grupo de Estudios de Filosof\u00eda Feminista del Lenguaje organiz\u00f3 el pasado 10 de mayo, a trav\u00e9s de Google Meet, la charla &#8220;Ep\u00edtetos grupales: Representaci\u00f3n, expresividad y discursividad&#8221; que cont\u00f3 con la participaci\u00f3n del Dr. Alfonso Losada de la Universidad de Buenos Aires (UBA) y la moderaci\u00f3n del Dr. Andr\u00e9s Stisman.<\/p>\n<p>La charla fue una oportunidad para explorar el tema de los ep\u00edtetos grupales y su relaci\u00f3n con la representaci\u00f3n, expresividad y discursividad. El Grupo de Estudios de Filosof\u00eda Feminista del Lenguaje, reconocido por su compromiso en la promoci\u00f3n de la perspectiva de g\u00e9nero en el an\u00e1lisis del lenguaje, organiz\u00f3 este evento con el objetivo de fomentar el di\u00e1logo y la reflexi\u00f3n en torno a esta tem\u00e1tica relevante.<\/p>\n<p>La participaci\u00f3n del Dr. Alfonso Losada, experto en filosof\u00eda del lenguaje de la UBA, aport\u00f3 una perspectiva acad\u00e9mica y s\u00f3lida sobre el tema. Por su parte, el Dr. Andr\u00e9s Stisman, como moderador, garantiz\u00f3 un flujo de di\u00e1logo fluido y enriquecedor entre el ponente y los asistentes.<\/p>\n<p>Los ep\u00edtetos grupales son un elemento fundamental en la construcci\u00f3n discursiva y representativa de los grupos sociales. Este evento ofreci\u00f3 una oportunidad para profundizar en la comprensi\u00f3n de c\u00f3mo los ep\u00edtetos influyen en la percepci\u00f3n y la identidad de los grupos, y c\u00f3mo su uso puede tener implicaciones en la discriminaci\u00f3n, los estereotipos y la igualdad de g\u00e9nero. La filosof\u00eda feminista del lenguaje brinda un enfoque cr\u00edtico y reflexivo para analizar estos fen\u00f3menos y proponer alternativas inclusivas y respetuosas en la comunicaci\u00f3n.<\/p>\n<p>Los participantes destacaron la importancia de abordar estos temas desde una perspectiva feminista y aplaudieron la labor del Grupo de Estudios de Filosof\u00eda Feminista del Lenguaje por organizar eventos que promueven la conciencia cr\u00edtica y la transformaci\u00f3n en el \u00e1mbito del lenguaje.<\/p>\n<p>Para aquellos interesados en obtener m\u00e1s informaci\u00f3n sobre el evento o acceder a material complementario, el Grupo de Estudios de Filosof\u00eda Feminista del Lenguaje proporcion\u00f3 una direcci\u00f3n de correo electr\u00f3nico: <a href=\"mailto:geffl.unt@gmail.com\" target=\"_new\" rel=\"noopener\">geffl.unt@gmail.com<\/a>.<\/p>\n<p><a href=\"https:\/\/www.facebook.com\/filount\/posts\/pfbid04cBtyNfo7AtyM1VfbRsXXRCTGhCEShzTsae6qTShFE8agewmBpNMdwk6pYSkE4Pbl\" target=\"_blank\" rel=\"noopener\">Ver Fotos<\/a><\/p>\n<\/div>\n<\/div>\n<\/div>\n<\/div>\n<\/div>\n<\/div>\n<\/div>\n<\/div>\n<\/div>\n<\/div>\n\n\n<p><\/p>\n","protected":false},"excerpt":{"rendered":"<p>El Grupo de Estudios de Filosof\u00eda Feminista del Lenguaje organiz\u00f3 el pasado 10 de mayo, a trav\u00e9s de Google Meet, la charla &#8220;Ep\u00edtetos grupales: Representaci\u00f3n, expresividad y discursividad&#8221; que cont\u00f3 con la participaci\u00f3n del Dr. Alfonso Losada de la Universidad de Buenos Aires (UBA) y la moderaci\u00f3n del Dr. Andr\u00e9s [&hellip;]<\/p>\n","protected":false},"author":101021,"featured_media":8948,"comment_status":"closed","ping_status":"closed","sticky":false,"template":"","format":"standard","meta":{"footnotes":""},"categories":[8,6],"tags":[],"class_list":{"0":"post-8902","1":"post","2":"type-post","3":"status-publish","4":"format-standard","5":"has-post-thumbnail","6":"hentry","7":"category-eventos-academicos","8":"category-extension","10":"post-with-thumbnail","11":"post-with-thumbnail-large"},"_links":{"self":[{"href":"https:\/\/filo.unt.edu.ar\/noticias\/wp-json\/wp\/v2\/posts\/8902","targetHints":{"allow":["GET"]}}],"collection":[{"href":"https:\/\/filo.unt.edu.ar\/noticias\/wp-json\/wp\/v2\/posts"}],"about":[{"href":"https:\/\/filo.unt.edu.ar\/noticias\/wp-json\/wp\/v2\/types\/post"}],"author":[{"embeddable":true,"href":"https:\/\/filo.unt.edu.ar\/noticias\/wp-json\/wp\/v2\/users\/101021"}],"replies":[{"embeddable":true,"href":"https:\/\/filo.unt.edu.ar\/noticias\/wp-json\/wp\/v2\/comments?post=8902"}],"version-history":[{"count":4,"href":"https:\/\/filo.unt.edu.ar\/noticias\/wp-json\/wp\/v2\/posts\/8902\/revisions"}],"predecessor-version":[{"id":8970,"href":"https:\/\/filo.unt.edu.ar\/noticias\/wp-json\/wp\/v2\/posts\/8902\/revisions\/8970"}],"wp:featuredmedia":[{"embeddable":true,"href":"https:\/\/filo.unt.edu.ar\/noticias\/wp-json\/wp\/v2\/media\/8948"}],"wp:attachment":[{"href":"https:\/\/filo.unt.edu.ar\/noticias\/wp-json\/wp\/v2\/media?parent=8902"}],"wp:term":[{"taxonomy":"category","embeddable":true,"href":"https:\/\/filo.unt.edu.ar\/noticias\/wp-json\/wp\/v2\/categories?post=8902"},{"taxonomy":"post_tag","embeddable":true,"href":"https:\/\/filo.unt.edu.ar\/noticias\/wp-json\/wp\/v2\/tags?post=8902"}],"curies":[{"name":"wp","href":"https:\/\/api.w.org\/{rel}","templated":true}]}}