{"id":8900,"date":"2023-05-13T08:21:05","date_gmt":"2023-05-13T11:21:05","guid":{"rendered":"http:\/\/filo.unt.edu.ar\/noticias\/?p=8900"},"modified":"2023-05-31T11:37:12","modified_gmt":"2023-05-31T14:37:12","slug":"presentacion-del-libro-estrategias-cognitivas-y-metacognitivas-en-formacion-pedagogica-universitaria-a-distancia-en-la-unt","status":"publish","type":"post","link":"https:\/\/filo.unt.edu.ar\/noticias\/2023\/05\/13\/presentacion-del-libro-estrategias-cognitivas-y-metacognitivas-en-formacion-pedagogica-universitaria-a-distancia-en-la-unt\/","title":{"rendered":"Presentaci\u00f3n del libro &#8220;Estrategias Cognitivas y Metacognitivas en Formaci\u00f3n Pedag\u00f3gica Universitaria a Distancia en la UNT&#8221;"},"content":{"rendered":"<p>El jueves 11 de mayo de 2023, en la sala &#8220;Osvaldo Fasolo&#8221; del Centro Cultural Virla, se llev\u00f3 a cabo la presentaci\u00f3n del libro &#8220;Estrategias Cognitivas y Metacognitivas en Formaci\u00f3n Pedag\u00f3gica Universitaria a Distancia en la UNT&#8221;, escrito por la Mg. Anal\u00eda Pizarro de Raya. El evento cont\u00f3 con la participaci\u00f3n de la Mg. Bibi Sivaldi, vicedecana de Filo, y de la Dra. Mar\u00eda Alicia Villagra y la Mg. Nora Abate, quienes fueron las encargadas de presentar la obra.<\/p>\n<p>La presentaci\u00f3n del libro, atrajo a un numeroso p\u00fablico compuesto por acad\u00e9micos, docentes y estudiantes interesados en la tem\u00e1tica de la formaci\u00f3n pedag\u00f3gica universitaria a distancia. La sala del Virla result\u00f3 el escenario ideal para el evento, brindando un ambiente acogedor y propicio para el intercambio de ideas que fue antecedido por una presentaci\u00f3n de m\u00fasica popular argentina.<\/p>\n<p>&#8220;Estrategias Cognitivas y Metacognitivas en Formaci\u00f3n Pedag\u00f3gica Universitaria a Distancia en la UNT&#8221; aborda de manera exhaustiva las estrategias cognitivas y metacognitivas aplicadas en el \u00e1mbito de la formaci\u00f3n pedag\u00f3gica a distancia en la Universidad Nacional de Tucum\u00e1n. El libro analiza las diversas t\u00e9cnicas y enfoques utilizados en esta modalidad de educaci\u00f3n, con el objetivo de mejorar la calidad de la ense\u00f1anza y el aprendizaje en entornos virtuales y comprender como aprenden los formadores de formadores.<\/p>\n<p>Durante la presentaci\u00f3n, la Dra. Mar\u00eda Alicia Villagra elogi\u00f3 la obra, destacando su relevancia en el campo de la educaci\u00f3n a distancia: &#8220;Este libro es una contribuci\u00f3n valiosa para aquellos que se dedican a la formaci\u00f3n pedag\u00f3gica universitaria. Anal\u00eda Pizarro de Raya ha realizado un exhaustivo estudio sobre las estrategias cognitivas y metacognitivas, brindando herramientas fundamentales para mejorar los procesos de ense\u00f1anza y aprendizaje en la modalidad a distancia&#8221;.<\/p>\n<p>Por su parte, la Mg. Nora Abate enfatiz\u00f3 la importancia de la metacognici\u00f3n en el contexto de la educaci\u00f3n virtual: &#8220;la reflexi\u00f3n sobre nuestro propio proceso de aprendizaje y la planificaci\u00f3n estrat\u00e9gica son aspectos esenciales para lograr un aprendizaje significativo en entornos virtuales. El libro de Pizarro de Raya nos brinda una gu\u00eda invaluable para potenciar estas habilidades&#8221;.<\/p>\n<p>La Mg. Anal\u00eda Pizarro de Raya se mostr\u00f3 satisfecha con la recepci\u00f3n del libro y agradeci\u00f3 el apoyo de la comunidad acad\u00e9mica de la UNT.<\/p>\n<p style=\"text-align: left\"><a href=\"https:\/\/www.facebook.com\/filount\/posts\/pfbid0378XazWDUFtSd6ZVhxpvkRPQpEa8ch3u2SoBjEjobGiAu15xP2QsgAoKU8vdrEFbil\" target=\"_blank\" rel=\"noopener\">Ver Fotos<\/a><\/p>\n","protected":false},"excerpt":{"rendered":"<p>El jueves 11 de mayo de 2023, en la sala &#8220;Osvaldo Fasolo&#8221; del Centro Cultural Virla, se llev\u00f3 a cabo la presentaci\u00f3n del libro &#8220;Estrategias Cognitivas y Metacognitivas en Formaci\u00f3n Pedag\u00f3gica Universitaria a Distancia en la UNT&#8221;, escrito por la Mg. Anal\u00eda Pizarro de Raya. El evento cont\u00f3 con la [&hellip;]<\/p>\n","protected":false},"author":101021,"featured_media":8946,"comment_status":"closed","ping_status":"closed","sticky":false,"template":"","format":"standard","meta":{"footnotes":""},"categories":[8,6,18,7],"tags":[],"class_list":{"0":"post-8900","1":"post","2":"type-post","3":"status-publish","4":"format-standard","5":"has-post-thumbnail","6":"hentry","7":"category-eventos-academicos","8":"category-extension","9":"category-investigacion","10":"category-publicaciones","12":"post-with-thumbnail","13":"post-with-thumbnail-large"},"_links":{"self":[{"href":"https:\/\/filo.unt.edu.ar\/noticias\/wp-json\/wp\/v2\/posts\/8900","targetHints":{"allow":["GET"]}}],"collection":[{"href":"https:\/\/filo.unt.edu.ar\/noticias\/wp-json\/wp\/v2\/posts"}],"about":[{"href":"https:\/\/filo.unt.edu.ar\/noticias\/wp-json\/wp\/v2\/types\/post"}],"author":[{"embeddable":true,"href":"https:\/\/filo.unt.edu.ar\/noticias\/wp-json\/wp\/v2\/users\/101021"}],"replies":[{"embeddable":true,"href":"https:\/\/filo.unt.edu.ar\/noticias\/wp-json\/wp\/v2\/comments?post=8900"}],"version-history":[{"count":3,"href":"https:\/\/filo.unt.edu.ar\/noticias\/wp-json\/wp\/v2\/posts\/8900\/revisions"}],"predecessor-version":[{"id":8972,"href":"https:\/\/filo.unt.edu.ar\/noticias\/wp-json\/wp\/v2\/posts\/8900\/revisions\/8972"}],"wp:featuredmedia":[{"embeddable":true,"href":"https:\/\/filo.unt.edu.ar\/noticias\/wp-json\/wp\/v2\/media\/8946"}],"wp:attachment":[{"href":"https:\/\/filo.unt.edu.ar\/noticias\/wp-json\/wp\/v2\/media?parent=8900"}],"wp:term":[{"taxonomy":"category","embeddable":true,"href":"https:\/\/filo.unt.edu.ar\/noticias\/wp-json\/wp\/v2\/categories?post=8900"},{"taxonomy":"post_tag","embeddable":true,"href":"https:\/\/filo.unt.edu.ar\/noticias\/wp-json\/wp\/v2\/tags?post=8900"}],"curies":[{"name":"wp","href":"https:\/\/api.w.org\/{rel}","templated":true}]}}