{"id":8890,"date":"2023-05-12T11:44:00","date_gmt":"2023-05-12T14:44:00","guid":{"rendered":"http:\/\/filo.unt.edu.ar\/noticias\/?p=8890"},"modified":"2023-06-02T11:45:49","modified_gmt":"2023-06-02T14:45:49","slug":"presentacion-del-libro-origami-palabras-desplegadas","status":"publish","type":"post","link":"https:\/\/filo.unt.edu.ar\/noticias\/2023\/05\/12\/presentacion-del-libro-origami-palabras-desplegadas\/","title":{"rendered":"Presentaci\u00f3n del libro Origami: palabras (des)plegadas"},"content":{"rendered":"<p dir=\"auto\">El mi\u00e9rcoles 10, en el Centro Cultural Roug\u00e9s, se present\u00f3 el libro &#8220;ORIGAMI: palabras (des)plegadas. Antolog\u00eda literaria de la c\u00e1tedra de Historia de la Lengua, editado por nuestro sello HUMANITAS.<\/p>\n<p dir=\"auto\">La presentaci\u00f3n se realiz\u00f3 en el marco del 19\u00b0 Mayo de la Letras organizado por el Ente Cultural de Tucum\u00e1n y estuvo a cargo de la Dra. Elena Acevedo de Bomba, Directora del Departamento de Publicaciones de la Facultad, y el Dr. Oscar Mart\u00edn Aguierrez, compilador y docente de la c\u00e1tedra de Historia de la Lengua.<\/p>\n<p dir=\"auto\">Esta es la segunda antolog\u00eda de creaci\u00f3n literaria producida en el marco de una propuesta de escritura en pandemia, realizada por la c\u00e1tedra Historia de la Lengua del Profesorado y Licenciatura en Letras. Es el resultado de la conjunci\u00f3n de una estrategia pedag\u00f3gica y de una pr\u00e1ctica de investigaci\u00f3n en torno a los sentidos sedimentados de las palabras a lo largo de su historia. Los sentidos, los significados cobran forma, materializan modos de ver y sentir el mundo. Y, en palabras del compilador de la publicaci\u00f3n, &#8220;la obra pliega y despliega la experiencia de las y los estudiantes, en su combate con el pasado de las palabras&#8221;.<\/p>\n<p dir=\"auto\">El libro se puede descargar de manera gratuita en el siguiente enlace: <a class=\"x1i10hfl xjbqb8w x6umtig x1b1mbwd xaqea5y xav7gou x9f619 x1ypdohk xt0psk2 xe8uvvx xdj266r x11i5rnm xat24cr x1mh8g0r xexx8yu x4uap5 x18d9i69 xkhd6sd x16tdsg8 x1hl2dhg xggy1nq x1a2a7pz xt0b8zv x1fey0fg\" role=\"link\" href=\"http:\/\/filo.unt.edu.ar\/2023\/05\/02\/origami-palabras-desplegadas-antologia-literaria\/\" target=\"_blank\" rel=\"nofollow noopener noreferrer\">http:\/\/filo.unt.edu.ar\/&#8230;\/origami-palabras-desplegadas&#8230;\/<\/a><\/p>\n<p dir=\"auto\"><a href=\"https:\/\/www.facebook.com\/filount\/posts\/pfbid02DwyTozyT5h8GgXTHJsTsBDB8dC8pWd3mwpYfQqR7CpT89CTYdEvG7XYExysYdo2Vl\" target=\"_blank\" rel=\"noopener\">Ver fotos<\/a><\/p>\n","protected":false},"excerpt":{"rendered":"<p>El mi\u00e9rcoles 10, en el Centro Cultural Roug\u00e9s, se present\u00f3 el libro &#8220;ORIGAMI: palabras (des)plegadas. Antolog\u00eda literaria de la c\u00e1tedra de Historia de la Lengua, editado por nuestro sello HUMANITAS. La presentaci\u00f3n se realiz\u00f3 en el marco del 19\u00b0 Mayo de la Letras organizado por el Ente Cultural de Tucum\u00e1n [&hellip;]<\/p>\n","protected":false},"author":3,"featured_media":8892,"comment_status":"closed","ping_status":"closed","sticky":false,"template":"","format":"standard","meta":{"footnotes":""},"categories":[7],"tags":[],"class_list":{"0":"post-8890","1":"post","2":"type-post","3":"status-publish","4":"format-standard","5":"has-post-thumbnail","6":"hentry","7":"category-publicaciones","9":"post-with-thumbnail","10":"post-with-thumbnail-large"},"_links":{"self":[{"href":"https:\/\/filo.unt.edu.ar\/noticias\/wp-json\/wp\/v2\/posts\/8890","targetHints":{"allow":["GET"]}}],"collection":[{"href":"https:\/\/filo.unt.edu.ar\/noticias\/wp-json\/wp\/v2\/posts"}],"about":[{"href":"https:\/\/filo.unt.edu.ar\/noticias\/wp-json\/wp\/v2\/types\/post"}],"author":[{"embeddable":true,"href":"https:\/\/filo.unt.edu.ar\/noticias\/wp-json\/wp\/v2\/users\/3"}],"replies":[{"embeddable":true,"href":"https:\/\/filo.unt.edu.ar\/noticias\/wp-json\/wp\/v2\/comments?post=8890"}],"version-history":[{"count":4,"href":"https:\/\/filo.unt.edu.ar\/noticias\/wp-json\/wp\/v2\/posts\/8890\/revisions"}],"predecessor-version":[{"id":9033,"href":"https:\/\/filo.unt.edu.ar\/noticias\/wp-json\/wp\/v2\/posts\/8890\/revisions\/9033"}],"wp:featuredmedia":[{"embeddable":true,"href":"https:\/\/filo.unt.edu.ar\/noticias\/wp-json\/wp\/v2\/media\/8892"}],"wp:attachment":[{"href":"https:\/\/filo.unt.edu.ar\/noticias\/wp-json\/wp\/v2\/media?parent=8890"}],"wp:term":[{"taxonomy":"category","embeddable":true,"href":"https:\/\/filo.unt.edu.ar\/noticias\/wp-json\/wp\/v2\/categories?post=8890"},{"taxonomy":"post_tag","embeddable":true,"href":"https:\/\/filo.unt.edu.ar\/noticias\/wp-json\/wp\/v2\/tags?post=8890"}],"curies":[{"name":"wp","href":"https:\/\/api.w.org\/{rel}","templated":true}]}}