{"id":8797,"date":"2023-04-15T13:19:19","date_gmt":"2023-04-15T16:19:19","guid":{"rendered":"http:\/\/filo.unt.edu.ar\/noticias\/?p=8797"},"modified":"2023-05-02T12:19:29","modified_gmt":"2023-05-02T15:19:29","slug":"nueva-temporada-del-cafe-literario-y-cultural-del-virla","status":"publish","type":"post","link":"https:\/\/filo.unt.edu.ar\/noticias\/2023\/04\/15\/nueva-temporada-del-cafe-literario-y-cultural-del-virla\/","title":{"rendered":"Nueva temporada del Caf\u00e9 literario y cultural del Virla"},"content":{"rendered":"<div dir=\"auto\">El s\u00e1bado 15 comenz\u00f3 la temporada 2023 del Caf\u00e9 literario y Cultural del Virla organizado por el Dr. Guillermo Siles.<\/div>\n<div dir=\"auto\"><\/div>\n<div dir=\"auto\">La propuesta del Caf\u00e9 literario tiene, entre sus objetivos, crear espacios de sociabilidad en los que se difundan voces del NOA, promoviendo la heterogeneidad de las propuestas culturales de la regi\u00f3n. Esto se vio plasmado en el pasado encuentro, en el que participaron la tucumana Victoria L\u00f3pez Vera, profesora en Letras, cuyos poemas circulan en diferentes antolog\u00edas, revistas digitales y fanzines; la cardi\u00f3loga Alejandra Naranjo que, con un enfoque Hol\u00edstico en la medicina del coraz\u00f3n, facilita espacios de salud y crecimiento personal y espiritual, en los que la palabra Po\u00e9tica es una puerta de acceso a la sanaci\u00f3n. Roberto Reynoso, tucumano tambi\u00e9n,\u00a0 autor de diversos libros, tiene su obra reunida en <em>Hora sepia <\/em>(2022), publicada por \u00a0EDUNT. Tambi\u00e9n particip\u00f3 el monterizo Dardo Sol\u00f3rzano, cuya incursi\u00f3n en la poes\u00eda se inicia con letras de canciones y composici\u00f3n musical de ra\u00edz folcl\u00f3rica.<\/div>\n<div dir=\"auto\">\n<div dir=\"auto\"><\/div>\n<div dir=\"auto\">El encuentro cont\u00f3 tambi\u00e9n con un momento musical a cargo de los invitados especiales Mar\u00eda Celina Galera y Alejandro Jos\u00e9 Acosta, ambos catamarque\u00f1os.\u00a0 La primera es licenciada en Artes Pl\u00e1sticas y desarrolla su carrera art\u00edstica en el \u00e1mbito de las artes visuales, la m\u00fasica y la gesti\u00f3n cultural. Mientras que Acosta, es abogado y dirige la revista Aguardiente: creaci\u00f3n, pensamiento y opini\u00f3n.<\/div>\n<\/div>\n<div dir=\"auto\"><\/div>\n<div dir=\"auto\"><a href=\"https:\/\/www.facebook.com\/filount\/posts\/pfbid0ZptiC2W2c4YARvdPBDiSexBBm8cL1xeGKXLQZ78dMdgXjyVYSLRC9VFeyCGRCvJml\" target=\"_blank\" rel=\"noopener\">Ver fotos<\/a><\/div>\n<div dir=\"auto\"><\/div>\n","protected":false},"excerpt":{"rendered":"<p>El s\u00e1bado 15 comenz\u00f3 la temporada 2023 del Caf\u00e9 literario y Cultural del Virla organizado por el Dr. Guillermo Siles. La propuesta del Caf\u00e9 literario tiene, entre sus objetivos, crear espacios de sociabilidad en los que se difundan voces del NOA, promoviendo la heterogeneidad de las propuestas culturales de la [&hellip;]<\/p>\n","protected":false},"author":3,"featured_media":8798,"comment_status":"closed","ping_status":"closed","sticky":false,"template":"","format":"standard","meta":{"footnotes":""},"categories":[21,6],"tags":[],"class_list":{"0":"post-8797","1":"post","2":"type-post","3":"status-publish","4":"format-standard","5":"has-post-thumbnail","6":"hentry","7":"category-cafe-literario","8":"category-extension","10":"post-with-thumbnail","11":"post-with-thumbnail-large"},"_links":{"self":[{"href":"https:\/\/filo.unt.edu.ar\/noticias\/wp-json\/wp\/v2\/posts\/8797","targetHints":{"allow":["GET"]}}],"collection":[{"href":"https:\/\/filo.unt.edu.ar\/noticias\/wp-json\/wp\/v2\/posts"}],"about":[{"href":"https:\/\/filo.unt.edu.ar\/noticias\/wp-json\/wp\/v2\/types\/post"}],"author":[{"embeddable":true,"href":"https:\/\/filo.unt.edu.ar\/noticias\/wp-json\/wp\/v2\/users\/3"}],"replies":[{"embeddable":true,"href":"https:\/\/filo.unt.edu.ar\/noticias\/wp-json\/wp\/v2\/comments?post=8797"}],"version-history":[{"count":1,"href":"https:\/\/filo.unt.edu.ar\/noticias\/wp-json\/wp\/v2\/posts\/8797\/revisions"}],"predecessor-version":[{"id":8799,"href":"https:\/\/filo.unt.edu.ar\/noticias\/wp-json\/wp\/v2\/posts\/8797\/revisions\/8799"}],"wp:featuredmedia":[{"embeddable":true,"href":"https:\/\/filo.unt.edu.ar\/noticias\/wp-json\/wp\/v2\/media\/8798"}],"wp:attachment":[{"href":"https:\/\/filo.unt.edu.ar\/noticias\/wp-json\/wp\/v2\/media?parent=8797"}],"wp:term":[{"taxonomy":"category","embeddable":true,"href":"https:\/\/filo.unt.edu.ar\/noticias\/wp-json\/wp\/v2\/categories?post=8797"},{"taxonomy":"post_tag","embeddable":true,"href":"https:\/\/filo.unt.edu.ar\/noticias\/wp-json\/wp\/v2\/tags?post=8797"}],"curies":[{"name":"wp","href":"https:\/\/api.w.org\/{rel}","templated":true}]}}