{"id":8730,"date":"2023-03-22T12:23:50","date_gmt":"2023-03-22T15:23:50","guid":{"rendered":"http:\/\/filo.unt.edu.ar\/noticias\/?p=8730"},"modified":"2023-04-05T12:49:04","modified_gmt":"2023-04-05T15:49:04","slug":"jornada-de-ddhh-memoria-y-democracia","status":"publish","type":"post","link":"https:\/\/filo.unt.edu.ar\/noticias\/2023\/03\/22\/jornada-de-ddhh-memoria-y-democracia\/","title":{"rendered":"Jornada de DDHH, memoria y democracia"},"content":{"rendered":"<p>En el marco de la Semana de la Memoria por la Verdad y la Justicia, la carrera de Trabajo Social en articulaci\u00f3n con el Espacio para la Memoria &#8220;La Escuelita de Famaill\u00e1&#8221;, organizaron la Jornada &#8220;DDHH, Memoria y Democracia&#8221; como parte del Curso de Iniciaci\u00f3n de los Estudios Universitarios de la Facultad de Filosof\u00eda y Letras, y bajo el lema &#8220;30.400 Mariposas por la Memoria&#8221;.<\/p>\n<p>La jornada cont\u00f3 en su apertura con la presencia y las palabras del rector de la UNT, Sergio Pagani, la vicerrectora, Mercedes Leal, el decano de nuestra Casa, Sergio Robin, la coordinadora del Espacio &#8220;Escuelita de Famaill\u00e1&#8221;, Mar\u00eda Coronel, y la coordinadora del &#8220;Centro de Formaci\u00f3n Ana Mar\u00eda Sosa&#8221;, Laura Bravo.<\/p>\n<p>Esta actividad se inscribe en una din\u00e1mica de trabajo que inici\u00f3 en 2018 entre la carrera de Trabajo Social y &#8220;La Escuelita de Famaill\u00e1&#8221; y dio lugar a un espacio de informaci\u00f3n y reflexi\u00f3n para los\/as alumnos\/as ingresantes de la carrera que incluy\u00f3 la exposici\u00f3n de la experiencia de los\/as estudiantes que realizaron sus pr\u00e1cticas pre profesionales en el Espacio. De esta manera se logr\u00f3 junto a militantes de organismos de derechos humanos, estudiantes, docentes y no docentes entrar en di\u00e1logo con los acontecimientos que configuraron la \u00faltima dictadura militar y el terrorismo de Estado en la Argentina y el rol que tiene en la actualidad la Universidad en la construcci\u00f3n de memoria, reflexi\u00f3n cr\u00edtica y construcci\u00f3n de una cultura democr\u00e1tica en nuestro pa\u00eds.<\/p>\n<p><a href=\"https:\/\/www.instagram.com\/p\/CqBtgoVODPQ\/\" rel=\"noopener\" target=\"_blank\">Ver Fotos<\/a><\/p>\n","protected":false},"excerpt":{"rendered":"<p>En el marco de la Semana de la Memoria por la Verdad y la Justicia, la carrera de Trabajo Social en articulaci\u00f3n con el Espacio para la Memoria &#8220;La Escuelita de Famaill\u00e1&#8221;, organizaron la Jornada &#8220;DDHH, Memoria y Democracia&#8221; como parte del Curso de Iniciaci\u00f3n de los Estudios Universitarios de [&hellip;]<\/p>\n","protected":false},"author":101013,"featured_media":8740,"comment_status":"closed","ping_status":"closed","sticky":false,"template":"","format":"standard","meta":{"footnotes":""},"categories":[8,6,12],"tags":[],"class_list":{"0":"post-8730","1":"post","2":"type-post","3":"status-publish","4":"format-standard","5":"has-post-thumbnail","6":"hentry","7":"category-eventos-academicos","8":"category-extension","9":"category-gestion","11":"post-with-thumbnail","12":"post-with-thumbnail-large"},"_links":{"self":[{"href":"https:\/\/filo.unt.edu.ar\/noticias\/wp-json\/wp\/v2\/posts\/8730","targetHints":{"allow":["GET"]}}],"collection":[{"href":"https:\/\/filo.unt.edu.ar\/noticias\/wp-json\/wp\/v2\/posts"}],"about":[{"href":"https:\/\/filo.unt.edu.ar\/noticias\/wp-json\/wp\/v2\/types\/post"}],"author":[{"embeddable":true,"href":"https:\/\/filo.unt.edu.ar\/noticias\/wp-json\/wp\/v2\/users\/101013"}],"replies":[{"embeddable":true,"href":"https:\/\/filo.unt.edu.ar\/noticias\/wp-json\/wp\/v2\/comments?post=8730"}],"version-history":[{"count":2,"href":"https:\/\/filo.unt.edu.ar\/noticias\/wp-json\/wp\/v2\/posts\/8730\/revisions"}],"predecessor-version":[{"id":8742,"href":"https:\/\/filo.unt.edu.ar\/noticias\/wp-json\/wp\/v2\/posts\/8730\/revisions\/8742"}],"wp:featuredmedia":[{"embeddable":true,"href":"https:\/\/filo.unt.edu.ar\/noticias\/wp-json\/wp\/v2\/media\/8740"}],"wp:attachment":[{"href":"https:\/\/filo.unt.edu.ar\/noticias\/wp-json\/wp\/v2\/media?parent=8730"}],"wp:term":[{"taxonomy":"category","embeddable":true,"href":"https:\/\/filo.unt.edu.ar\/noticias\/wp-json\/wp\/v2\/categories?post=8730"},{"taxonomy":"post_tag","embeddable":true,"href":"https:\/\/filo.unt.edu.ar\/noticias\/wp-json\/wp\/v2\/tags?post=8730"}],"curies":[{"name":"wp","href":"https:\/\/api.w.org\/{rel}","templated":true}]}}