{"id":8706,"date":"2023-03-31T12:19:01","date_gmt":"2023-03-31T15:19:01","guid":{"rendered":"http:\/\/filo.unt.edu.ar\/noticias\/?p=8706"},"modified":"2023-04-28T09:29:41","modified_gmt":"2023-04-28T12:29:41","slug":"proyectodeinvestigacion","status":"publish","type":"post","link":"https:\/\/filo.unt.edu.ar\/noticias\/2023\/03\/31\/proyectodeinvestigacion\/","title":{"rendered":"Un proyecto de investigaci\u00f3n con sede en nuestra facultad en el marco de las becas Salud Investiga"},"content":{"rendered":"<div class=\"x11i5rnm xat24cr x1mh8g0r x1vvkbs xtlvy1s x126k92a\">\n<p dir=\"auto\">El 28 de marzo, las autoridades de la Facultad, el decano, Sergio Robin, la Secrataria Acad\u00e9mica, Josefina Lanzi y la Secretaria de Fortalecimiento de Grado, Graciela Yacuzzi, mantuvieron una reuni\u00f3n con el equipo de investigaci\u00f3n del Proyecto de investigaci\u00f3n Multicentro &#8220;Salud mental y Educaci\u00f3n Superior: implicancias de pandemia COVID 19 en procesos de acompa\u00f1amiento a las trayectorias estudiantiles (2020-2021)&#8221;. El mismo fue ganador de la Convocatoria 22-23 del Programa <em>Salud Investiga<\/em>, con aprobaci\u00f3n de cinco becas para docentes e investigadoras; cuyo desarrollo inici\u00f3 el 1 de diciembre de 2022 y concluye el 1 diciembre 2023.<\/p>\n<\/div>\n<div dir=\"auto\">El equipo investigador esta constitu\u00eddo por: Esp. Georgina G\u00f3mez (Licenciada en Educaci\u00f3n para la salud, docente e investigadora en UNSE), Dra. Denisse Oliszewski (Dra. en Cs Sociales, docente e investigadora en FFyL- UNT), Lic. Sandra Nicastro (Pedagoga, docente e investigadora en UBA), Lic. Lourdes Varela (Licenciada en Trabajo Social y profesional en Hospital Avellaneda), y Lic. Viviana Reyes (Licenciada en Psicolog\u00eda, docente en FFyL-UNT, responsable de la coordinaci\u00f3n del proyecto).<\/div>\n<p class=\"x11i5rnm xat24cr x1mh8g0r x1vvkbs xtlvy1s x126k92a\">\n<div dir=\"auto\">En la reuni\u00f3n del d\u00eda 28 se inform\u00f3 sobre acciones ya desarrolladas y acciones a realizar durante el per\u00edodo enero-abril 2023, y se acordaron algunos aspectos operativos y pol\u00edtico-institucionales de la gesti\u00f3n del proceso de investigaci\u00f3n.<\/div>\n<p>Sobre el proyecto<\/p>\n<p>La Facultad de Filosof\u00eda y Letras de Universidad Nacional de Tucum\u00e1n particip\u00f3 con una propuesta de investigaci\u00f3n de categor\u00eda multicentro en la Convocatoria 22-23 del Programa <em>Salud Investiga<\/em> dependiente del Ministerio de Salud de la Naci\u00f3n. Enmarcada en la Direcci\u00f3n de Investigaci\u00f3n para la Salud (DIS), esa estrategia de salud p\u00fablica esta orientada a promover la investigaci\u00f3n sobre aspectos prioritarios que se definen para cada convocatoria y que estan orientados en un enfoque participativo y federal. Nuestra Facultad ya cuenta con antecedentes previos en la participaci\u00f3n y otorgamientos de becas de investigaci\u00f3n del mencionado Programa pero es la primera vez que se hizo merecedora de la aprobaci\u00f3n de un Estudio Multicentro (EMI) como Unidad Coordinadora; siendo las otras instituciones participantes: la Universidad Nacional de Santiago del Estero, la Universidad Nacional de Buenos Aires y el Hospital Avellaneda de la provincia de Tucum\u00e1n.<\/p>\n<p><a href=\"https:\/\/www.facebook.com\/filount\/posts\/pfbid02kQkPrBR8C5tzidbnmhUE4Woyuo9oTLqWEs73u6idsSHT8ui23ZJoQjQfcRpz8ZGfl\" target=\"_blank\" rel=\"noopener\">Ver Fotos<\/a><\/p>\n","protected":false},"excerpt":{"rendered":"<p>El 28 de marzo, las autoridades de la Facultad, el decano, Sergio Robin, la Secrataria Acad\u00e9mica, Josefina Lanzi y la Secretaria de Fortalecimiento de Grado, Graciela Yacuzzi, mantuvieron una reuni\u00f3n con el equipo de investigaci\u00f3n del Proyecto de investigaci\u00f3n Multicentro &#8220;Salud mental y Educaci\u00f3n Superior: implicancias de pandemia COVID 19 [&hellip;]<\/p>\n","protected":false},"author":101013,"featured_media":8708,"comment_status":"closed","ping_status":"closed","sticky":false,"template":"","format":"standard","meta":{"footnotes":""},"categories":[18],"tags":[],"class_list":{"0":"post-8706","1":"post","2":"type-post","3":"status-publish","4":"format-standard","5":"has-post-thumbnail","6":"hentry","7":"category-investigacion","9":"post-with-thumbnail","10":"post-with-thumbnail-large"},"_links":{"self":[{"href":"https:\/\/filo.unt.edu.ar\/noticias\/wp-json\/wp\/v2\/posts\/8706","targetHints":{"allow":["GET"]}}],"collection":[{"href":"https:\/\/filo.unt.edu.ar\/noticias\/wp-json\/wp\/v2\/posts"}],"about":[{"href":"https:\/\/filo.unt.edu.ar\/noticias\/wp-json\/wp\/v2\/types\/post"}],"author":[{"embeddable":true,"href":"https:\/\/filo.unt.edu.ar\/noticias\/wp-json\/wp\/v2\/users\/101013"}],"replies":[{"embeddable":true,"href":"https:\/\/filo.unt.edu.ar\/noticias\/wp-json\/wp\/v2\/comments?post=8706"}],"version-history":[{"count":4,"href":"https:\/\/filo.unt.edu.ar\/noticias\/wp-json\/wp\/v2\/posts\/8706\/revisions"}],"predecessor-version":[{"id":8805,"href":"https:\/\/filo.unt.edu.ar\/noticias\/wp-json\/wp\/v2\/posts\/8706\/revisions\/8805"}],"wp:featuredmedia":[{"embeddable":true,"href":"https:\/\/filo.unt.edu.ar\/noticias\/wp-json\/wp\/v2\/media\/8708"}],"wp:attachment":[{"href":"https:\/\/filo.unt.edu.ar\/noticias\/wp-json\/wp\/v2\/media?parent=8706"}],"wp:term":[{"taxonomy":"category","embeddable":true,"href":"https:\/\/filo.unt.edu.ar\/noticias\/wp-json\/wp\/v2\/categories?post=8706"},{"taxonomy":"post_tag","embeddable":true,"href":"https:\/\/filo.unt.edu.ar\/noticias\/wp-json\/wp\/v2\/tags?post=8706"}],"curies":[{"name":"wp","href":"https:\/\/api.w.org\/{rel}","templated":true}]}}