{"id":8681,"date":"2023-03-01T11:15:00","date_gmt":"2023-03-01T14:15:00","guid":{"rendered":"http:\/\/filo.unt.edu.ar\/noticias\/?p=8681"},"modified":"2023-04-05T13:22:51","modified_gmt":"2023-04-05T16:22:51","slug":"acondicionando-la-facultad","status":"publish","type":"post","link":"https:\/\/filo.unt.edu.ar\/noticias\/2023\/03\/01\/acondicionando-la-facultad\/","title":{"rendered":"Acondicionando la Facultad"},"content":{"rendered":"<p>Durante el mes de enero, personal de la Facultad sigui\u00f3 trabajando para acondicionar algunos espacios y as\u00ed comenzar con las acciones planificadas para propiciar un ambiente de trabajo y estudios adecuado.<\/p>\n<p>Entre las mejoras se pueden mencionar trabajos de pintura en el Instituto de Epistemolog\u00eda y el Departamento de publicaciones. Se pint\u00f3 y cambi\u00f3 el piso del departamento de idiomas modernos. Se pintaron sectores del hall del primer piso del complejo de anfiteatros Prebisch-Labrousse-Imbert, y se coloc\u00f3 un revestimiento para evitar que aniden aves.<\/p>\n<p>A su vez, teniendo en cuenta el aumento de casos de dengue, durante el mes de marzo, se puso en marcha un plan integral de fumigaci\u00f3n, que incluy\u00f3 a todos los espacios internos de la facultad, adem\u00e1s del mantenimiento de los espacios verdes y la eliminaci\u00f3n de cacharos que puedan albergar larvas de mosquito vector del dengue.<\/p>\n","protected":false},"excerpt":{"rendered":"<p>Durante el mes de enero, personal de la Facultad sigui\u00f3 trabajando para acondicionar algunos espacios y as\u00ed comenzar con las acciones planificadas para propiciar un ambiente de trabajo y estudios adecuado. Entre las mejoras se pueden mencionar trabajos de pintura en el Instituto de Epistemolog\u00eda y el Departamento de publicaciones. [&hellip;]<\/p>\n","protected":false},"author":3,"featured_media":8755,"comment_status":"closed","ping_status":"closed","sticky":false,"template":"","format":"standard","meta":{"footnotes":""},"categories":[12],"tags":[],"class_list":{"0":"post-8681","1":"post","2":"type-post","3":"status-publish","4":"format-standard","5":"has-post-thumbnail","6":"hentry","7":"category-gestion","9":"post-with-thumbnail","10":"post-with-thumbnail-large"},"_links":{"self":[{"href":"https:\/\/filo.unt.edu.ar\/noticias\/wp-json\/wp\/v2\/posts\/8681","targetHints":{"allow":["GET"]}}],"collection":[{"href":"https:\/\/filo.unt.edu.ar\/noticias\/wp-json\/wp\/v2\/posts"}],"about":[{"href":"https:\/\/filo.unt.edu.ar\/noticias\/wp-json\/wp\/v2\/types\/post"}],"author":[{"embeddable":true,"href":"https:\/\/filo.unt.edu.ar\/noticias\/wp-json\/wp\/v2\/users\/3"}],"replies":[{"embeddable":true,"href":"https:\/\/filo.unt.edu.ar\/noticias\/wp-json\/wp\/v2\/comments?post=8681"}],"version-history":[{"count":3,"href":"https:\/\/filo.unt.edu.ar\/noticias\/wp-json\/wp\/v2\/posts\/8681\/revisions"}],"predecessor-version":[{"id":8721,"href":"https:\/\/filo.unt.edu.ar\/noticias\/wp-json\/wp\/v2\/posts\/8681\/revisions\/8721"}],"wp:featuredmedia":[{"embeddable":true,"href":"https:\/\/filo.unt.edu.ar\/noticias\/wp-json\/wp\/v2\/media\/8755"}],"wp:attachment":[{"href":"https:\/\/filo.unt.edu.ar\/noticias\/wp-json\/wp\/v2\/media?parent=8681"}],"wp:term":[{"taxonomy":"category","embeddable":true,"href":"https:\/\/filo.unt.edu.ar\/noticias\/wp-json\/wp\/v2\/categories?post=8681"},{"taxonomy":"post_tag","embeddable":true,"href":"https:\/\/filo.unt.edu.ar\/noticias\/wp-json\/wp\/v2\/tags?post=8681"}],"curies":[{"name":"wp","href":"https:\/\/api.w.org\/{rel}","templated":true}]}}