{"id":8646,"date":"2022-12-08T11:37:00","date_gmt":"2022-12-08T14:37:00","guid":{"rendered":"http:\/\/filo.unt.edu.ar\/noticias\/?p=8646"},"modified":"2022-12-22T12:00:04","modified_gmt":"2022-12-22T15:00:04","slug":"homenaje-a-lucia-piosek-prebisch","status":"publish","type":"post","link":"https:\/\/filo.unt.edu.ar\/noticias\/2022\/12\/08\/homenaje-a-lucia-piosek-prebisch\/","title":{"rendered":"Homenaje a Luc\u00eda Piossek Prebisch"},"content":{"rendered":"<p class=\"x11i5rnm xat24cr x1mh8g0r x1vvkbs xdj266r x126k92a\">El 6 de diciembre se realiz\u00f3 un sentido y merecido homenaje a la fil\u00f3sofa Luc\u00eda Piossek Prebisch en el que se renombr\u00f3 al Instituto de Historia y Pensamiento Argentinos, por ella Fundado, como \u201cInstituto de Historia y Pensamiento Argentinos Luc\u00eda Piossek Prebisch\u201d.<\/p>\n<p dir=\"auto\">Luego de la proyecci\u00f3n del Mini documental &#8220;Luc\u00eda Piossek &#8211; El Sutil Arte del Pensamiento&#8221; de Gabriela Bosso, recordaron a la homenajeada, como amiga y colega, Alicia Ugarte, Cristina Bosso, Nicol\u00e1s Zavadivker y Fabi\u00e1n Sober\u00f3n. En las palabras vertidas se hizo un recorrido por su vida acad\u00e9mica, siempre desde los espacios generados por su generosidad intelectual y su calidez humana.<\/p>\n<p dir=\"auto\">Finalmente, se realiz\u00f3 el descubrimiento de la placa con el nuevo nombre del Instituto y se comparti\u00f3 un brindis de honor.<\/p>\n<p dir=\"auto\">Estuvieron presentes el decano, Sergio Robin; la vice decana, Bibi Sibaldi; colegas, amigos y amigas, y familiares de Luc\u00eda Piossek Prebisch.<\/p>\n<p><a href=\"https:\/\/www.facebook.com\/filount\/photos\/pcb.1898113427191188\/1898112990524565\/\" target=\"_blank\" rel=\"noopener\">Ver Fotos<\/a><\/p>\n<p><a href=\"https:\/\/www.lagaceta.com.ar\/nota\/969240\/la-gaceta-literaria\/filosofia-lucia-piossek.html\" target=\"_blank\" rel=\"noopener\">Acceda al art\u00edculo &#8220;La filosof\u00eda de Luc\u00eda Piossek&#8221;<\/a><\/p>\n<p><a href=\"https:\/\/www.viceversa-mag.com\/lucia-piossek-filosofa\/\" target=\"_blank\" rel=\"noopener\">Acceda al art\u00edculo &#8220;Luc\u00eda Piossek, fil\u00f3sofa&#8221;<\/a><\/p>\n","protected":false},"excerpt":{"rendered":"<p>El 6 de diciembre se realiz\u00f3 un sentido y merecido homenaje a la fil\u00f3sofa Luc\u00eda Piossek Prebisch en el que se renombr\u00f3 al Instituto de Historia y Pensamiento Argentinos, por ella Fundado, como \u201cInstituto de Historia y Pensamiento Argentinos Luc\u00eda Piossek Prebisch\u201d. Luego de la proyecci\u00f3n del Mini documental &#8220;Luc\u00eda [&hellip;]<\/p>\n","protected":false},"author":3,"featured_media":8648,"comment_status":"closed","ping_status":"closed","sticky":false,"template":"","format":"standard","meta":{"footnotes":""},"categories":[8,6],"tags":[],"class_list":{"0":"post-8646","1":"post","2":"type-post","3":"status-publish","4":"format-standard","5":"has-post-thumbnail","6":"hentry","7":"category-eventos-academicos","8":"category-extension","10":"post-with-thumbnail","11":"post-with-thumbnail-large"},"_links":{"self":[{"href":"https:\/\/filo.unt.edu.ar\/noticias\/wp-json\/wp\/v2\/posts\/8646","targetHints":{"allow":["GET"]}}],"collection":[{"href":"https:\/\/filo.unt.edu.ar\/noticias\/wp-json\/wp\/v2\/posts"}],"about":[{"href":"https:\/\/filo.unt.edu.ar\/noticias\/wp-json\/wp\/v2\/types\/post"}],"author":[{"embeddable":true,"href":"https:\/\/filo.unt.edu.ar\/noticias\/wp-json\/wp\/v2\/users\/3"}],"replies":[{"embeddable":true,"href":"https:\/\/filo.unt.edu.ar\/noticias\/wp-json\/wp\/v2\/comments?post=8646"}],"version-history":[{"count":6,"href":"https:\/\/filo.unt.edu.ar\/noticias\/wp-json\/wp\/v2\/posts\/8646\/revisions"}],"predecessor-version":[{"id":8669,"href":"https:\/\/filo.unt.edu.ar\/noticias\/wp-json\/wp\/v2\/posts\/8646\/revisions\/8669"}],"wp:featuredmedia":[{"embeddable":true,"href":"https:\/\/filo.unt.edu.ar\/noticias\/wp-json\/wp\/v2\/media\/8648"}],"wp:attachment":[{"href":"https:\/\/filo.unt.edu.ar\/noticias\/wp-json\/wp\/v2\/media?parent=8646"}],"wp:term":[{"taxonomy":"category","embeddable":true,"href":"https:\/\/filo.unt.edu.ar\/noticias\/wp-json\/wp\/v2\/categories?post=8646"},{"taxonomy":"post_tag","embeddable":true,"href":"https:\/\/filo.unt.edu.ar\/noticias\/wp-json\/wp\/v2\/tags?post=8646"}],"curies":[{"name":"wp","href":"https:\/\/api.w.org\/{rel}","templated":true}]}}