{"id":8635,"date":"2022-12-20T13:04:48","date_gmt":"2022-12-20T16:04:48","guid":{"rendered":"http:\/\/filo.unt.edu.ar\/noticias\/?p=8635"},"modified":"2022-12-20T13:04:48","modified_gmt":"2022-12-20T16:04:48","slug":"reunion-interclaustro-del-departamento-de-historia","status":"publish","type":"post","link":"https:\/\/filo.unt.edu.ar\/noticias\/2022\/12\/20\/reunion-interclaustro-del-departamento-de-historia\/","title":{"rendered":"Reuni\u00f3n interclaustro del Departamento de Historia"},"content":{"rendered":"<p>El viernes 16 tuvo lugar una reuni\u00f3n conjunta entre estudiantes y\u00a0 docentes de Historia, con el prop\u00f3sito de dialogar, acercar experiencias, debatir y buscar estrategias superadoras y acuerdos, frente a problem\u00e1ticas puntuales de la carrera.<\/p>\n<p>Con la presencia de 21 docentes y 24 estudiantes se trabajaron distintas problem\u00e1ticas referidas al cursado, a la preparaci\u00f3n de los ex\u00e1menes finales, las herramientas metodol\u00f3gicas y el impacto de la pandemia. Todos estos temas hab\u00edan sido ya delimitados en un trabajo previo, realizado por el cuerpo estudiantil a trav\u00e9s de encuentros bimodales y encuestas.<\/p>\n<p>En el encuentro se trabaj\u00f3 en comisiones, con preguntas disparadoras; y se acercaron y consensuaron propuestas: &#8220;esto nos permiti\u00f3 tener una reuni\u00f3n m\u00e1s provechosa y fruct\u00edfera para nuestra comunidad&#8221;, manifest\u00f3 la Prof. Olga Sulca.<\/p>\n<p>Estas son algunas de las conclusiones a las que se lleg\u00f3:<\/p>\n<ul>\n<li>La necesidad de que las reuniones interclaustros sean m\u00e1s frecuentes y se instalen como una din\u00e1mica propia del departamento; esto permitir\u00e1 a futuro saldar algunas problem\u00e1ticas.<\/li>\n<li>Que es necesario que haya un mayor acompa\u00f1amiento del cuerpo docente en las trayectorias acad\u00e9micas; sea en la propuesta de talleres de lecto- escritura, como de preparaci\u00f3n para los ex\u00e1menes.<\/li>\n<li>Preocupa la demora entre el cursado y el examen final; como tambi\u00e9n la migraci\u00f3n de estudiantes hacia otras instituciones.<\/li>\n<li>La importancia de pensar en el cursado como una construcci\u00f3n colectiva y activa, que incluya el ejercicio habitual del material bibliogr\u00e1fico, la toma de apuntes, etc.<\/li>\n<li>Que se establezcan pautas y criterios claros para las evaluaciones.<\/li>\n<\/ul>\n<p><a href=\"https:\/\/www.facebook.com\/filount\/photos\/pcb.1910195572649640\/1910191189316745\" target=\"_blank\" rel=\"noopener\">Ver fotos<\/a><\/p>\n<p>&nbsp;<\/p>\n<p><strong>\u00a0<\/strong><\/p>\n<p>&nbsp;<\/p>\n","protected":false},"excerpt":{"rendered":"<p>El viernes 16 tuvo lugar una reuni\u00f3n conjunta entre estudiantes y\u00a0 docentes de Historia, con el prop\u00f3sito de dialogar, acercar experiencias, debatir y buscar estrategias superadoras y acuerdos, frente a problem\u00e1ticas puntuales de la carrera. Con la presencia de 21 docentes y 24 estudiantes se trabajaron distintas problem\u00e1ticas referidas al [&hellip;]<\/p>\n","protected":false},"author":3,"featured_media":8640,"comment_status":"closed","ping_status":"closed","sticky":false,"template":"","format":"standard","meta":{"footnotes":""},"categories":[19],"tags":[],"class_list":{"0":"post-8635","1":"post","2":"type-post","3":"status-publish","4":"format-standard","5":"has-post-thumbnail","6":"hentry","7":"category-departamentos","9":"post-with-thumbnail","10":"post-with-thumbnail-large"},"_links":{"self":[{"href":"https:\/\/filo.unt.edu.ar\/noticias\/wp-json\/wp\/v2\/posts\/8635","targetHints":{"allow":["GET"]}}],"collection":[{"href":"https:\/\/filo.unt.edu.ar\/noticias\/wp-json\/wp\/v2\/posts"}],"about":[{"href":"https:\/\/filo.unt.edu.ar\/noticias\/wp-json\/wp\/v2\/types\/post"}],"author":[{"embeddable":true,"href":"https:\/\/filo.unt.edu.ar\/noticias\/wp-json\/wp\/v2\/users\/3"}],"replies":[{"embeddable":true,"href":"https:\/\/filo.unt.edu.ar\/noticias\/wp-json\/wp\/v2\/comments?post=8635"}],"version-history":[{"count":1,"href":"https:\/\/filo.unt.edu.ar\/noticias\/wp-json\/wp\/v2\/posts\/8635\/revisions"}],"predecessor-version":[{"id":8641,"href":"https:\/\/filo.unt.edu.ar\/noticias\/wp-json\/wp\/v2\/posts\/8635\/revisions\/8641"}],"wp:featuredmedia":[{"embeddable":true,"href":"https:\/\/filo.unt.edu.ar\/noticias\/wp-json\/wp\/v2\/media\/8640"}],"wp:attachment":[{"href":"https:\/\/filo.unt.edu.ar\/noticias\/wp-json\/wp\/v2\/media?parent=8635"}],"wp:term":[{"taxonomy":"category","embeddable":true,"href":"https:\/\/filo.unt.edu.ar\/noticias\/wp-json\/wp\/v2\/categories?post=8635"},{"taxonomy":"post_tag","embeddable":true,"href":"https:\/\/filo.unt.edu.ar\/noticias\/wp-json\/wp\/v2\/tags?post=8635"}],"curies":[{"name":"wp","href":"https:\/\/api.w.org\/{rel}","templated":true}]}}