{"id":8611,"date":"2022-12-16T10:15:02","date_gmt":"2022-12-16T13:15:02","guid":{"rendered":"http:\/\/filo.unt.edu.ar\/noticias\/?p=8611"},"modified":"2022-12-20T10:43:42","modified_gmt":"2022-12-20T13:43:42","slug":"la-web-de-filo-cuenta-con-menu-de-accesibilidad-para-personas-con-disminucion-visual","status":"publish","type":"post","link":"https:\/\/filo.unt.edu.ar\/noticias\/2022\/12\/16\/la-web-de-filo-cuenta-con-menu-de-accesibilidad-para-personas-con-disminucion-visual\/","title":{"rendered":"La web de Filo cuenta con men\u00fa de accesibilidad para personas con disminuci\u00f3n visual"},"content":{"rendered":"<p>En el marco de la Ley. 26.653 de Accesibilidad de la informaci\u00f3n en las P\u00e1ginas Web, nuestra Facultad incorpor\u00f3 en el margen izquierdo de nuestro Sitio Web, un nuevo \u00abMen\u00fa de accesibilidad\u00bb que despliega una serie de opciones para ser configurado seg\u00fan las necesidades de la persona con disminuci\u00f3n visual.<\/p>\n<p>Las opciones del men\u00fa son:<\/p>\n<ul>\n<li>Modificar Contraste<\/li>\n<li>Realce de color en los enlaces<\/li>\n<li>Modificaci\u00f3n de espaciado de texto: separaci\u00f3n de letras<\/li>\n<li>Modificaci\u00f3n de tama\u00f1o de letra<\/li>\n<li>Detener animaciones<\/li>\n<li>Dislexia Amigable<\/li>\n<li>Modificaci\u00f3n tama\u00f1o del cursor<\/li>\n<li>Modificaci\u00f3n interlineado<\/li>\n<li>Modificaci\u00f3n de alineaci\u00f3n de texto<\/li>\n<li>Saturaci\u00f3n de colores<\/li>\n<\/ul>\n<p>Desde nuestra Facultad seguimos realizando actividades e iniciativas que promueven la educaci\u00f3n y la inclusi\u00f3n de las personas con discapacidad; tratando de reducir obst\u00e1culos y generando espacios propicios para que aquellos que deseen estudiar,\u00a0 lo puedan hacer en igualdad de condiciones.<\/p>\n<p>Colaborando entre todos los miembros de la comunidad universitaria podremos lograr una verdadera educaci\u00f3n inclusiva.<\/p>\n","protected":false},"excerpt":{"rendered":"<p>En el marco de la Ley. 26.653 de Accesibilidad de la informaci\u00f3n en las P\u00e1ginas Web, nuestra Facultad incorpor\u00f3 en el margen izquierdo de nuestro Sitio Web, un nuevo \u00abMen\u00fa de accesibilidad\u00bb que despliega una serie de opciones para ser configurado seg\u00fan las necesidades de la persona con disminuci\u00f3n visual. [&hellip;]<\/p>\n","protected":false},"author":101013,"featured_media":8612,"comment_status":"closed","ping_status":"closed","sticky":false,"template":"","format":"standard","meta":{"footnotes":""},"categories":[26,27,6,12],"tags":[],"class_list":{"0":"post-8611","1":"post","2":"type-post","3":"status-publish","4":"format-standard","5":"has-post-thumbnail","6":"hentry","7":"category-asuntos-estudiantiles","8":"category-coordinacion-y-fortalecimiento-de-grado","9":"category-extension","10":"category-gestion","12":"post-with-thumbnail","13":"post-with-thumbnail-large"},"_links":{"self":[{"href":"https:\/\/filo.unt.edu.ar\/noticias\/wp-json\/wp\/v2\/posts\/8611","targetHints":{"allow":["GET"]}}],"collection":[{"href":"https:\/\/filo.unt.edu.ar\/noticias\/wp-json\/wp\/v2\/posts"}],"about":[{"href":"https:\/\/filo.unt.edu.ar\/noticias\/wp-json\/wp\/v2\/types\/post"}],"author":[{"embeddable":true,"href":"https:\/\/filo.unt.edu.ar\/noticias\/wp-json\/wp\/v2\/users\/101013"}],"replies":[{"embeddable":true,"href":"https:\/\/filo.unt.edu.ar\/noticias\/wp-json\/wp\/v2\/comments?post=8611"}],"version-history":[{"count":2,"href":"https:\/\/filo.unt.edu.ar\/noticias\/wp-json\/wp\/v2\/posts\/8611\/revisions"}],"predecessor-version":[{"id":8614,"href":"https:\/\/filo.unt.edu.ar\/noticias\/wp-json\/wp\/v2\/posts\/8611\/revisions\/8614"}],"wp:featuredmedia":[{"embeddable":true,"href":"https:\/\/filo.unt.edu.ar\/noticias\/wp-json\/wp\/v2\/media\/8612"}],"wp:attachment":[{"href":"https:\/\/filo.unt.edu.ar\/noticias\/wp-json\/wp\/v2\/media?parent=8611"}],"wp:term":[{"taxonomy":"category","embeddable":true,"href":"https:\/\/filo.unt.edu.ar\/noticias\/wp-json\/wp\/v2\/categories?post=8611"},{"taxonomy":"post_tag","embeddable":true,"href":"https:\/\/filo.unt.edu.ar\/noticias\/wp-json\/wp\/v2\/tags?post=8611"}],"curies":[{"name":"wp","href":"https:\/\/api.w.org\/{rel}","templated":true}]}}