{"id":8561,"date":"2022-11-27T12:15:16","date_gmt":"2022-11-27T15:15:16","guid":{"rendered":"http:\/\/filo.unt.edu.ar\/noticias\/?p=8561"},"modified":"2022-12-07T10:56:25","modified_gmt":"2022-12-07T13:56:25","slug":"colacion-de-posgrado","status":"publish","type":"post","link":"https:\/\/filo.unt.edu.ar\/noticias\/2022\/11\/27\/colacion-de-posgrado\/","title":{"rendered":"Colaci\u00f3n de Posgrado"},"content":{"rendered":"<p>El viernes 25, en el Espacio Cultural Filosof\u00eda y Letras, se llev\u00f3 a cabo una colaci\u00f3n de Posgrado en la que se entregaron 17 t\u00edtulos. La ceremonia estuvo presidida por el Decano, Prof. Sergio Robin; la Vicedecana, Mg. Bib\u00ed Sibaldi; el Secretario de Posgrado, Dr. Julio Sal Paz, y la Secretaria Acad\u00e9mica, Prof. Josefina Lanzi.<\/p>\n<p>Mar\u00eda Eugenia Cabral Leguizam\u00f3n, egresada como Doctora en Letras, estuvo a cargo del discurso por parte de las doctorandas y y los doctorandos. Se\u00f1al\u00f3 aspectos relacionados al rol que cumple el Estado en garantizar el derecho a la educaci\u00f3n p\u00fablica: &#8220;gracias a nuestra prestigiosa Universidad Nacional de Tucum\u00e1n que brinda una oferta de formaci\u00f3n de posgrado variada y de excelencia. De hecho, la Facultad de Filosof\u00eda y Letras cuenta con una oferta de formaci\u00f3n espec\u00edfica y \u00fanica en un \u00e1rea disciplinar de demanda sostenida como las lenguas extranjeras&#8221;. Y agreg\u00f3: \u201dnuestra casa de altos estudios est\u00e1 a la vanguardia ya que ha reconocido la necesidad de constituirnos como un colectivo que puede reflexionar conjuntamente para proponer nuevos modos de hacer en la formaci\u00f3n de posgrado&#8221;.<\/p>\n<p>Sobre la carrera de Doctorado en Letras destac\u00f3 que fue un puente fundamental para acceder a una formaci\u00f3n acad\u00e9mica s\u00f3lida y actualizada con la flexibilidad suficiente para poder estudiar, trabajar y llevar adelante un hogar. &#8220;El camino de la educaci\u00f3n superior que he elegido ciertamente est\u00e1 arraigado en una historia familiar de superaci\u00f3n, basada en la visi\u00f3n de un futuro en el que cada uno tenga opciones cada vez m\u00e1s abundantes y variadas.&#8221;<\/p>\n<p>Finalmente, Mar\u00eda se dirigi\u00f3 a sus compa\u00f1eras y compa\u00f1eros de cursado: &#8220;hoy recordamos el camino que hemos transitado, ciertamente movilizante, con continuos replanteos, y que nos ha formado como investigadores. Queda en nosotros visualizar un ma\u00f1ana lleno de puentes para que otros que inicien el camino en el estudio y la investigaci\u00f3n, los crucen con nuestro apoyo y, as\u00ed, colaboremos a este valioso viaje conjunto&#8221;.<\/p>\n<p><a href=\"https:\/\/www.facebook.com\/filount\/photos\/pcb.1893367610999103\/1893348664334331\/\" target=\"_blank\" rel=\"noopener\">Ver Fotos<\/a><\/p>\n","protected":false},"excerpt":{"rendered":"<p>El viernes 25, en el Espacio Cultural Filosof\u00eda y Letras, se llev\u00f3 a cabo una colaci\u00f3n de Posgrado en la que se entregaron 17 t\u00edtulos. La ceremonia estuvo presidida por el Decano, Prof. Sergio Robin; la Vicedecana, Mg. Bib\u00ed Sibaldi; el Secretario de Posgrado, Dr. Julio Sal Paz, y la [&hellip;]<\/p>\n","protected":false},"author":3,"featured_media":8564,"comment_status":"closed","ping_status":"closed","sticky":false,"template":"","format":"standard","meta":{"footnotes":""},"categories":[12,17],"tags":[],"class_list":{"0":"post-8561","1":"post","2":"type-post","3":"status-publish","4":"format-standard","5":"has-post-thumbnail","6":"hentry","7":"category-gestion","8":"category-posgrado","10":"post-with-thumbnail","11":"post-with-thumbnail-large"},"_links":{"self":[{"href":"https:\/\/filo.unt.edu.ar\/noticias\/wp-json\/wp\/v2\/posts\/8561","targetHints":{"allow":["GET"]}}],"collection":[{"href":"https:\/\/filo.unt.edu.ar\/noticias\/wp-json\/wp\/v2\/posts"}],"about":[{"href":"https:\/\/filo.unt.edu.ar\/noticias\/wp-json\/wp\/v2\/types\/post"}],"author":[{"embeddable":true,"href":"https:\/\/filo.unt.edu.ar\/noticias\/wp-json\/wp\/v2\/users\/3"}],"replies":[{"embeddable":true,"href":"https:\/\/filo.unt.edu.ar\/noticias\/wp-json\/wp\/v2\/comments?post=8561"}],"version-history":[{"count":3,"href":"https:\/\/filo.unt.edu.ar\/noticias\/wp-json\/wp\/v2\/posts\/8561\/revisions"}],"predecessor-version":[{"id":8607,"href":"https:\/\/filo.unt.edu.ar\/noticias\/wp-json\/wp\/v2\/posts\/8561\/revisions\/8607"}],"wp:featuredmedia":[{"embeddable":true,"href":"https:\/\/filo.unt.edu.ar\/noticias\/wp-json\/wp\/v2\/media\/8564"}],"wp:attachment":[{"href":"https:\/\/filo.unt.edu.ar\/noticias\/wp-json\/wp\/v2\/media?parent=8561"}],"wp:term":[{"taxonomy":"category","embeddable":true,"href":"https:\/\/filo.unt.edu.ar\/noticias\/wp-json\/wp\/v2\/categories?post=8561"},{"taxonomy":"post_tag","embeddable":true,"href":"https:\/\/filo.unt.edu.ar\/noticias\/wp-json\/wp\/v2\/tags?post=8561"}],"curies":[{"name":"wp","href":"https:\/\/api.w.org\/{rel}","templated":true}]}}