{"id":8478,"date":"2022-11-24T12:57:00","date_gmt":"2022-11-24T15:57:00","guid":{"rendered":"http:\/\/filo.unt.edu.ar\/noticias\/?p=8478"},"modified":"2022-12-01T10:22:57","modified_gmt":"2022-12-01T13:22:57","slug":"4o-encuentro-de-practicas-pre-profesionales-de-trabajo-social","status":"publish","type":"post","link":"https:\/\/filo.unt.edu.ar\/noticias\/2022\/11\/24\/4o-encuentro-de-practicas-pre-profesionales-de-trabajo-social\/","title":{"rendered":"4\u00ba Encuentro de Pr\u00e1cticas pre-profesionales de Trabajo Social"},"content":{"rendered":"<p>El 22 de noviembre se llev\u00f3 a cabo el 4\u00ba Encuentro de Pr\u00e1cticas pre-profesionales de la carrera de Trabajo Social de nuestra Facultad:<\/p>\n<p>* Pr\u00e1ctica de Recursos de la Comunidad, a cargo de la Prof. Florencia Alonso;<br \/>\n* Pr\u00e1ctica de Trabajo Social con Grupos, a cargo del Prof. Jos\u00e9 Jurado;<br \/>\n* Pr\u00e1ctica de Trabajo Social Comunitario, a cargo. de la Prof. Alejandra Centeno; y,<br \/>\n* Pr\u00e1ctica de Trabajo Social Familiar, a cargo de la Prof. F\u00e1tima Forte.<\/p>\n<p>El acto de apertura fue presidido por el decano de nuestra Facultad, Sergio Robin, la directora del Departamento de Trabajo Social, Cecilia Nacusse, y la Prof. Evangelina S\u00e1nchez, en representaci\u00f3n de las cuatro c\u00e1tedras de Pr\u00e1cticas pre-profesionales. Tanto Robin como Nacusse remarcaron la importancia de poder realizar estos encuentros de cara a la actividad profesional que afrontar\u00e1n nuestros egresados y nuestras egresadas.<\/p>\n<p>Nacusse se refiri\u00f3 a las pr\u00e1cticas como &#8220;una experiencia de trabajo colectivo que genera un movimiento interno y tensionante al revisitar las categor\u00edas epistemol\u00f3gicas y te\u00f3rico metodol\u00f3gicas desde el quehacer, posibilitando crear condiciones para que la teor\u00eda haga ejercicio de escucha de lo que acontece all\u00ed, en las instituciones, en los grupos, familias y comunidades.&#8221;<\/p>\n<p>Luego, la Prof. S\u00e1nchez comparti\u00f3 un registro de video de las pr\u00e1cticas que los y las estudiantes pr\u00f3ximos a recibirse desarrollaron en 44 instituciones y organizaciones del medio, lo cual constituye una significativa experiencia de formaci\u00f3n y de extensi\u00f3n, digna de ser valorada.<\/p>\n<p>Por \u00faltimo, se invit\u00f3 a los y las asistentes\u00a0a disfrutar de las diversas propuestas l\u00fadicas, recreativas y creativas preparadas por estudiantes y docentes.<\/p>\n<p>Las jornadas se enmarcaron dentro de las actividades programadas camino al 10 de Diciembre \u201cD\u00eda de los Derechos Humanos y de Lxs Trabajadores sociales Argentinxs\u201d, organizadas por la carrera de Trabajo Social y el Colegio de profesionales de Servicio social y Trabajo Social. Su objetivo es promover y visibilizar las experiencias de las c\u00e1tedras de pr\u00e1cticas pre profesionales de la carrera, generando un espacio de encuentro de saberes entre la academia y las diferentes organizaciones e instituciones del medio.<\/p>\n<p><a href=\"https:\/\/www.facebook.com\/filount\/posts\/pfbid02Pj7cKx1FFRz1P5vJ59NER1NbN7XGCZ1xWXmZCfjhx7g4a2HVh3e5nS72FF4yLZH5l\" target=\"_blank\" rel=\"noopener\">Ver Fotos 1<\/a><\/p>\n<p><a href=\"https:\/\/www.facebook.com\/filount\/posts\/pfbid031DqMaSWjwkYBsv8RQLWfoLCxz2TRFmZ3ykiVndhtWNUntkoQJ8dQmmHd973qUo37l\" target=\"_blank\" rel=\"noopener\">Ver Fotos 2<\/a><\/p>\n<p><a href=\"https:\/\/www.facebook.com\/filount\/posts\/pfbid02Ce5twQV9AtZS4suTkNefchAfR7iTbtgUftSrR55UfZdUNKUryhgLn1LgkdjvfBkTl\" target=\"_blank\" rel=\"noopener\">Ver Fotos 3<\/a><\/p>\n","protected":false},"excerpt":{"rendered":"<p>El 22 de noviembre se llev\u00f3 a cabo el 4\u00ba Encuentro de Pr\u00e1cticas pre-profesionales de la carrera de Trabajo Social de nuestra Facultad: * Pr\u00e1ctica de Recursos de la Comunidad, a cargo de la Prof. Florencia Alonso; * Pr\u00e1ctica de Trabajo Social con Grupos, a cargo del Prof. Jos\u00e9 Jurado; [&hellip;]<\/p>\n","protected":false},"author":101013,"featured_media":8483,"comment_status":"closed","ping_status":"closed","sticky":false,"template":"","format":"standard","meta":{"footnotes":""},"categories":[8,6],"tags":[],"class_list":{"0":"post-8478","1":"post","2":"type-post","3":"status-publish","4":"format-standard","5":"has-post-thumbnail","6":"hentry","7":"category-eventos-academicos","8":"category-extension","10":"post-with-thumbnail","11":"post-with-thumbnail-large"},"_links":{"self":[{"href":"https:\/\/filo.unt.edu.ar\/noticias\/wp-json\/wp\/v2\/posts\/8478","targetHints":{"allow":["GET"]}}],"collection":[{"href":"https:\/\/filo.unt.edu.ar\/noticias\/wp-json\/wp\/v2\/posts"}],"about":[{"href":"https:\/\/filo.unt.edu.ar\/noticias\/wp-json\/wp\/v2\/types\/post"}],"author":[{"embeddable":true,"href":"https:\/\/filo.unt.edu.ar\/noticias\/wp-json\/wp\/v2\/users\/101013"}],"replies":[{"embeddable":true,"href":"https:\/\/filo.unt.edu.ar\/noticias\/wp-json\/wp\/v2\/comments?post=8478"}],"version-history":[{"count":5,"href":"https:\/\/filo.unt.edu.ar\/noticias\/wp-json\/wp\/v2\/posts\/8478\/revisions"}],"predecessor-version":[{"id":8523,"href":"https:\/\/filo.unt.edu.ar\/noticias\/wp-json\/wp\/v2\/posts\/8478\/revisions\/8523"}],"wp:featuredmedia":[{"embeddable":true,"href":"https:\/\/filo.unt.edu.ar\/noticias\/wp-json\/wp\/v2\/media\/8483"}],"wp:attachment":[{"href":"https:\/\/filo.unt.edu.ar\/noticias\/wp-json\/wp\/v2\/media?parent=8478"}],"wp:term":[{"taxonomy":"category","embeddable":true,"href":"https:\/\/filo.unt.edu.ar\/noticias\/wp-json\/wp\/v2\/categories?post=8478"},{"taxonomy":"post_tag","embeddable":true,"href":"https:\/\/filo.unt.edu.ar\/noticias\/wp-json\/wp\/v2\/tags?post=8478"}],"curies":[{"name":"wp","href":"https:\/\/api.w.org\/{rel}","templated":true}]}}