{"id":8473,"date":"2022-11-14T11:43:00","date_gmt":"2022-11-14T14:43:00","guid":{"rendered":"http:\/\/filo.unt.edu.ar\/noticias\/?p=8473"},"modified":"2022-12-05T12:07:14","modified_gmt":"2022-12-05T15:07:14","slug":"conversatorio-monsenor-angelelli-hoy","status":"publish","type":"post","link":"https:\/\/filo.unt.edu.ar\/noticias\/2022\/11\/14\/conversatorio-monsenor-angelelli-hoy\/","title":{"rendered":"Conversatorio &#8220;Monse\u00f1or Angelelli hoy&#8221;"},"content":{"rendered":"<p>El viernes 11 en el Espacio Cultural, se realiz\u00f3 el Conversatorio &#8220;Monse\u00f1or Angelelli hoy. Memorias de un fuego que sigue alumbrando nuestras luchas&#8221;. Participaron Luis Miguel Baronetto &#8220;Vit\u00edn&#8221; (Presidente del Centro Latinoamericano Casa monse\u00f1or Angelelli), D\u00e9lfor Brizuela &#8220;Pocho&#8221; ( Secretario de DDHH de La Rioja. Ex diputado provincial), Sara Mrad, Asociaci\u00f3n Madres de Plaza de Mayo (Filial Tucum\u00e1n), y Bib\u00ed Sibaldi, vicedecana de nuestra Casa.<\/p>\n<p>Inici\u00f3 la charla Sara Mrad, destac\u00f3 que hoy en d\u00eda la lucha de sus hijos e hijas, de la que ellas son herederas, sigue vigente, en los barrios &#8220;de las ausencias&#8221;: ausencia de trabajo, de comida, generada por un sistema econ\u00f3mico perverso. &#8220;Por eso, las madres seguimos luchando&#8221;. &#8220;Estamos obligadas a construir un mundo y una sociedad diferente con ese otro que est\u00e1 privado de todo, por eso seguimos esa lucha, que es la misma lucha de Monse\u00f1or Angelelli, por eso estamos aqu\u00ed hoy&#8221;.<\/p>\n<p>&#8220;Vit\u00edn&#8221; Baronetto, escritor de varios libros sobre la vida del homenajeado, hizo un recorrido por algunos de sus dichos, en homil\u00edas, reportajes, etc., en los que se reflexiona sobre la necesidad de transformar el sistema econ\u00f3mico social en pos de una sociedad m\u00e1s justa y equitativa. Analiz\u00f3 tambi\u00e9n c\u00f3mo sus palabras incomodaban a los intereses de los sectores que detentaban el poder.<\/p>\n<p>Por su parte &#8220;Pocho&#8221; Brizuela, record\u00f3 desde su propia biograf\u00eda, la incidencia que Angelelli tuvo en los j\u00f3venes que siguieron en la l\u00ednea de &#8220;la opci\u00f3n por los pobres&#8221;.<\/p>\n<p>Finalmente, la vicedecana, Bib\u00ed Sibaldi, celebr\u00f3 que con esta actividad se pueda reivindicar la acci\u00f3n y la memoria del m\u00e1rtir Msr. Angelelli &#8220;un hombre \u00edntegro comprometido con su tiempo y que honr\u00f3 su consagraci\u00f3n como sacerdote desde un servicio fecundo, humilde y entrega decidida para con su pueblo&#8221;, demostrando que no toda la Iglesia argentina fue c\u00f3mplice de la oscura dictadura que nos toc\u00f3 sufrir.<\/p>\n<p>En s\u00edntesis, el conversatorio gir\u00f3 alrededor de la vida y la obra del conocido cura cordob\u00e9s. Se resalt\u00f3 su fuerte compromiso social, haciendo hincapi\u00e9 en la vigencia de sus propuestas en el marco hist\u00f3rico actual.<\/p>\n<p><a href=\"https:\/\/www.facebook.com\/filount\/photos\/pcb.1877034485965749\/1877028892632975\/\" target=\"_blank\" rel=\"noopener\">Ver Fotos<\/a><\/p>\n","protected":false},"excerpt":{"rendered":"<p>El viernes 11 en el Espacio Cultural, se realiz\u00f3 el Conversatorio &#8220;Monse\u00f1or Angelelli hoy. Memorias de un fuego que sigue alumbrando nuestras luchas&#8221;. Participaron Luis Miguel Baronetto &#8220;Vit\u00edn&#8221; (Presidente del Centro Latinoamericano Casa monse\u00f1or Angelelli), D\u00e9lfor Brizuela &#8220;Pocho&#8221; ( Secretario de DDHH de La Rioja. Ex diputado provincial), Sara Mrad, [&hellip;]<\/p>\n","protected":false},"author":3,"featured_media":8474,"comment_status":"closed","ping_status":"closed","sticky":false,"template":"","format":"standard","meta":{"footnotes":""},"categories":[6,12],"tags":[],"class_list":{"0":"post-8473","1":"post","2":"type-post","3":"status-publish","4":"format-standard","5":"has-post-thumbnail","6":"hentry","7":"category-extension","8":"category-gestion","10":"post-with-thumbnail","11":"post-with-thumbnail-large"},"_links":{"self":[{"href":"https:\/\/filo.unt.edu.ar\/noticias\/wp-json\/wp\/v2\/posts\/8473","targetHints":{"allow":["GET"]}}],"collection":[{"href":"https:\/\/filo.unt.edu.ar\/noticias\/wp-json\/wp\/v2\/posts"}],"about":[{"href":"https:\/\/filo.unt.edu.ar\/noticias\/wp-json\/wp\/v2\/types\/post"}],"author":[{"embeddable":true,"href":"https:\/\/filo.unt.edu.ar\/noticias\/wp-json\/wp\/v2\/users\/3"}],"replies":[{"embeddable":true,"href":"https:\/\/filo.unt.edu.ar\/noticias\/wp-json\/wp\/v2\/comments?post=8473"}],"version-history":[{"count":8,"href":"https:\/\/filo.unt.edu.ar\/noticias\/wp-json\/wp\/v2\/posts\/8473\/revisions"}],"predecessor-version":[{"id":8563,"href":"https:\/\/filo.unt.edu.ar\/noticias\/wp-json\/wp\/v2\/posts\/8473\/revisions\/8563"}],"wp:featuredmedia":[{"embeddable":true,"href":"https:\/\/filo.unt.edu.ar\/noticias\/wp-json\/wp\/v2\/media\/8474"}],"wp:attachment":[{"href":"https:\/\/filo.unt.edu.ar\/noticias\/wp-json\/wp\/v2\/media?parent=8473"}],"wp:term":[{"taxonomy":"category","embeddable":true,"href":"https:\/\/filo.unt.edu.ar\/noticias\/wp-json\/wp\/v2\/categories?post=8473"},{"taxonomy":"post_tag","embeddable":true,"href":"https:\/\/filo.unt.edu.ar\/noticias\/wp-json\/wp\/v2\/tags?post=8473"}],"curies":[{"name":"wp","href":"https:\/\/api.w.org\/{rel}","templated":true}]}}