{"id":8340,"date":"2022-10-29T11:16:07","date_gmt":"2022-10-29T14:16:07","guid":{"rendered":"http:\/\/filo.unt.edu.ar\/noticias\/?p=8340"},"modified":"2022-11-09T09:58:32","modified_gmt":"2022-11-09T12:58:32","slug":"estudiantes-de-geografia-viajaron-a-cafayate","status":"publish","type":"post","link":"https:\/\/filo.unt.edu.ar\/noticias\/2022\/10\/29\/estudiantes-de-geografia-viajaron-a-cafayate\/","title":{"rendered":"Estudiantes de Geograf\u00eda viajaron a Cafayate"},"content":{"rendered":"<p>Los d\u00edas 28 y 29 de octubre, alumnos y alumnas de 4\u00ba a\u00f1o de la carrera de Geograf\u00eda realizaron un viaje de estudio a la ciudad de Cafayate, organizado por el equipo docente de la asignatura &#8220;Taller integrador desde la investigaci\u00f3n geogr\u00e1fica&#8221;, conformado por las Profesoras Clara Calvo, Carolina Mansilla y F\u00e1tima Figueroa Su\u00e1rez.<\/p>\n<p>Este es un taller orientado a trabajar los contenidos que las y los estudiantes fueron adquiriendo durante su trayecto acad\u00e9mico. Est\u00e1 ubicado en el 4\u00ba a\u00f1o de la carrera y se necesita tener aprobado el 50 % de las materias obligatorias de la misma. De esta forma se articulan y ponen en di\u00e1logo los conocimientos incorporados a lo largo del cursado, en un espacio determinado. Previo al viaje, se realizaron una serie de actividades, presenciales y virtuales, que permitieron la reflexi\u00f3n sobre situaciones problem\u00e1ticas relacionadas al contexto a visitar.<\/p>\n<p>El recorrido llev\u00f3 a dialogar, a trav\u00e9s de entrevistas, con distintos actores locales, como por ejemplo, due\u00f1os de vi\u00f1edos, peque\u00f1os productores org\u00e1nicos, inversores extranjeros. Se trabajaron, entre otros aspectos, los desaf\u00edos de la actividad econ\u00f3mica vitivin\u00edcola durante y pos pandemia, los modos de producci\u00f3n artesanal y familiar, etc. La modalidad taller permiti\u00f3 generar nuevos conocimientos a trav\u00e9s del aprendizaje basado en problemas.<\/p>\n<p>&#8220;La propuesta fue muy bien recibida por las y los estudiantes que vertieron, a trav\u00e9s de sus trabajos, reflexiones no s\u00f3lo respecto de aspectos econ\u00f3micos, sino de las formas de sentir y pensar del lugare\u00f1o,&#8221; sostuvo la Prof. Figueroa Su\u00e1rez. &#8220;Este tipo de experiencias es vertebral para poder elaborar cualquier tipo de investigaci\u00f3n desde la geograf\u00eda y para que nuestras y nuestros egresados tengan la mejor formaci\u00f3n para ingresar al sistema educativo&#8221;, agreg\u00f3 la docente.<\/p>\n<p>La asignatura busca recuperar todos los aprendizajes desde una geograf\u00eda cr\u00edtica, para poder ponerlos en juego en un espacio determinado. Por eso el viaje de estudio es obligatorio y evaluativo.<\/p>\n<p><a href=\"https:\/\/www.facebook.com\/filount\/posts\/pfbid0FgLcduydeJx4paWjJtAJaiFx4dsBe9eyWZw1ttYrHFGX7JrbZhKXSCT2QdmNiU58l\" target=\"_blank\" rel=\"noopener\">Ver Fotos<\/a><\/p>\n","protected":false},"excerpt":{"rendered":"<p>Los d\u00edas 28 y 29 de octubre, alumnos y alumnas de 4\u00ba a\u00f1o de la carrera de Geograf\u00eda realizaron un viaje de estudio a la ciudad de Cafayate, organizado por el equipo docente de la asignatura &#8220;Taller integrador desde la investigaci\u00f3n geogr\u00e1fica&#8221;, conformado por las Profesoras Clara Calvo, Carolina Mansilla [&hellip;]<\/p>\n","protected":false},"author":3,"featured_media":8342,"comment_status":"closed","ping_status":"closed","sticky":false,"template":"","format":"standard","meta":{"footnotes":""},"categories":[8],"tags":[],"class_list":{"0":"post-8340","1":"post","2":"type-post","3":"status-publish","4":"format-standard","5":"has-post-thumbnail","6":"hentry","7":"category-eventos-academicos","9":"post-with-thumbnail","10":"post-with-thumbnail-large"},"_links":{"self":[{"href":"https:\/\/filo.unt.edu.ar\/noticias\/wp-json\/wp\/v2\/posts\/8340","targetHints":{"allow":["GET"]}}],"collection":[{"href":"https:\/\/filo.unt.edu.ar\/noticias\/wp-json\/wp\/v2\/posts"}],"about":[{"href":"https:\/\/filo.unt.edu.ar\/noticias\/wp-json\/wp\/v2\/types\/post"}],"author":[{"embeddable":true,"href":"https:\/\/filo.unt.edu.ar\/noticias\/wp-json\/wp\/v2\/users\/3"}],"replies":[{"embeddable":true,"href":"https:\/\/filo.unt.edu.ar\/noticias\/wp-json\/wp\/v2\/comments?post=8340"}],"version-history":[{"count":4,"href":"https:\/\/filo.unt.edu.ar\/noticias\/wp-json\/wp\/v2\/posts\/8340\/revisions"}],"predecessor-version":[{"id":8406,"href":"https:\/\/filo.unt.edu.ar\/noticias\/wp-json\/wp\/v2\/posts\/8340\/revisions\/8406"}],"wp:featuredmedia":[{"embeddable":true,"href":"https:\/\/filo.unt.edu.ar\/noticias\/wp-json\/wp\/v2\/media\/8342"}],"wp:attachment":[{"href":"https:\/\/filo.unt.edu.ar\/noticias\/wp-json\/wp\/v2\/media?parent=8340"}],"wp:term":[{"taxonomy":"category","embeddable":true,"href":"https:\/\/filo.unt.edu.ar\/noticias\/wp-json\/wp\/v2\/categories?post=8340"},{"taxonomy":"post_tag","embeddable":true,"href":"https:\/\/filo.unt.edu.ar\/noticias\/wp-json\/wp\/v2\/tags?post=8340"}],"curies":[{"name":"wp","href":"https:\/\/api.w.org\/{rel}","templated":true}]}}