{"id":8318,"date":"2022-10-20T13:19:25","date_gmt":"2022-10-20T16:19:25","guid":{"rendered":"http:\/\/filo.unt.edu.ar\/noticias\/?p=8318"},"modified":"2022-11-08T12:36:16","modified_gmt":"2022-11-08T15:36:16","slug":"homenaje-a-joyce","status":"publish","type":"post","link":"https:\/\/filo.unt.edu.ar\/noticias\/2022\/10\/20\/homenaje-a-joyce\/","title":{"rendered":"Homenaje a Joyce"},"content":{"rendered":"<p>El jueves 20 se realiz\u00f3 una Jornada en homenaje a los 100 a\u00f1os (1922-2022) del Ulises de James Joyce, organizado por la c\u00e1tedra de Literatura extranjera I: anglosajona, a cargo de la Dra. Carolina S\u00e1nchez.<\/p>\n<p>El evento cont\u00f3 con la participaci\u00f3n de invitados como la Secretaria Acad\u00e9mica, Prof. Josefina Lanzi, el psicoanalista Ricardo Gandolfo, la Dra. Viviana D&#8217;Andrea, y la Prof. Silvia Utges, expositora frecuente del James Joyces Center de Argentina, quien particip\u00f3 a trav\u00e9s de una conferencia grabada. Junto a los integrantes de la c\u00e1tedra organizadora, los expositores abordaron distintos aspectos de la obra del escritor.<\/p>\n<p>Al finalizar las exposiciones, alumnas leyeron un poema de Joyce cuya tem\u00e1tica se vinculaba con los temas abordados te\u00f3ricamente.<\/p>\n<p>Al respecto, la Dra. S\u00e1nchez, valor\u00f3 y agradeci\u00f3 la participaci\u00f3n de docentes y estudiantes de la casa.<\/p>\n<p><a href=\"https:\/\/www.facebook.com\/filount\/photos\/pcb.1859422737726924\/1859417267727471\/\" target=\"_blank\" rel=\"noopener\">Ver fotos<\/a><\/p>\n","protected":false},"excerpt":{"rendered":"<p>El jueves 20 se realiz\u00f3 una Jornada en homenaje a los 100 a\u00f1os (1922-2022) del Ulises de James Joyce, organizado por la c\u00e1tedra de Literatura extranjera I: anglosajona, a cargo de la Dra. Carolina S\u00e1nchez. El evento cont\u00f3 con la participaci\u00f3n de invitados como la Secretaria Acad\u00e9mica, Prof. Josefina Lanzi, [&hellip;]<\/p>\n","protected":false},"author":3,"featured_media":8319,"comment_status":"closed","ping_status":"closed","sticky":false,"template":"","format":"standard","meta":{"footnotes":""},"categories":[8],"tags":[],"class_list":{"0":"post-8318","1":"post","2":"type-post","3":"status-publish","4":"format-standard","5":"has-post-thumbnail","6":"hentry","7":"category-eventos-academicos","9":"post-with-thumbnail","10":"post-with-thumbnail-large"},"_links":{"self":[{"href":"https:\/\/filo.unt.edu.ar\/noticias\/wp-json\/wp\/v2\/posts\/8318","targetHints":{"allow":["GET"]}}],"collection":[{"href":"https:\/\/filo.unt.edu.ar\/noticias\/wp-json\/wp\/v2\/posts"}],"about":[{"href":"https:\/\/filo.unt.edu.ar\/noticias\/wp-json\/wp\/v2\/types\/post"}],"author":[{"embeddable":true,"href":"https:\/\/filo.unt.edu.ar\/noticias\/wp-json\/wp\/v2\/users\/3"}],"replies":[{"embeddable":true,"href":"https:\/\/filo.unt.edu.ar\/noticias\/wp-json\/wp\/v2\/comments?post=8318"}],"version-history":[{"count":2,"href":"https:\/\/filo.unt.edu.ar\/noticias\/wp-json\/wp\/v2\/posts\/8318\/revisions"}],"predecessor-version":[{"id":8354,"href":"https:\/\/filo.unt.edu.ar\/noticias\/wp-json\/wp\/v2\/posts\/8318\/revisions\/8354"}],"wp:featuredmedia":[{"embeddable":true,"href":"https:\/\/filo.unt.edu.ar\/noticias\/wp-json\/wp\/v2\/media\/8319"}],"wp:attachment":[{"href":"https:\/\/filo.unt.edu.ar\/noticias\/wp-json\/wp\/v2\/media?parent=8318"}],"wp:term":[{"taxonomy":"category","embeddable":true,"href":"https:\/\/filo.unt.edu.ar\/noticias\/wp-json\/wp\/v2\/categories?post=8318"},{"taxonomy":"post_tag","embeddable":true,"href":"https:\/\/filo.unt.edu.ar\/noticias\/wp-json\/wp\/v2\/tags?post=8318"}],"curies":[{"name":"wp","href":"https:\/\/api.w.org\/{rel}","templated":true}]}}