{"id":8305,"date":"2022-10-03T12:33:00","date_gmt":"2022-10-03T15:33:00","guid":{"rendered":"http:\/\/filo.unt.edu.ar\/noticias\/?p=8305"},"modified":"2022-11-08T13:01:08","modified_gmt":"2022-11-08T16:01:08","slug":"continua-el-ciclo-de-encuentros-lgbtiq","status":"publish","type":"post","link":"https:\/\/filo.unt.edu.ar\/noticias\/2022\/10\/03\/continua-el-ciclo-de-encuentros-lgbtiq\/","title":{"rendered":"Contin\u00faa el Ciclo de Encuentros LGBTIQ+"},"content":{"rendered":"<p>El s\u00e1bado 1 de octubre se llev\u00f3 a cabo la tercera reuni\u00f3n del Ciclo de Encuentros LGBTIQ+ Di\u00e1logos entre academia y territorios, que gir\u00f3 en torno al &#8220;Trabajo y cultura disidente&#8221;.<\/p>\n<p>Este Ciclo est\u00e1 organizado por el Centro de Estudios sobre Diversidad Sexual &#8211; CEDISEX y en esta oportunidad participaron Marcia Albornoz, Daira Delfina Vigabriel (Damas de Hierro Jujuy), Marcos Acevedo (Observatorio de G\u00e9nero), y Andy D\u00edaz (Biblioteca Ayel\u00e9n &#8211; CEDISEX). Los y las participantes comentaron sus experiencias vinculadas a un eje que preocupa a la comunidad trans y a la LGBTIQ+ en general: el acceso al mundo del trabajo y a las actividades culturales. Respecto del primer \u00edtem, se mencionaron las dificultades que hay a la hora de implementar el cupo laboral trans, tanto a nivel local como nacional; los obst\u00e1culos que aparecen en los casos en los que se logra la inserci\u00f3n laboral; y c\u00f3mo el sistema se tiene que modificar para generar un ambiente de respeto a las diversidades.<\/p>\n<p>Marcia Albornoz coment\u00f3 cu\u00e1l es la agenda de trabajo del Municipio de Taf\u00ed Viejo que, en articulaci\u00f3n con organismos y programas sociales de contenci\u00f3n, habilit\u00f3 la inclusi\u00f3n de un grupo importante de personas trans en distintas \u00e1reas de trabajo como el reciclaje, el transporte urbano, etc.<\/p>\n<p>Por su parte, Marcos Acevedo, Ex Secretario de Cultura del mencionado municipio, habl\u00f3 sobre su experiencia como referente en esa \u00e1rea y como fundador del Diversival, primer evento de cultura municipal que tiene la bandera de la diversidad, en el que miembros del colectivo de la diversidad muestra sus producciones art\u00edsticas y culturales en general, en el marco de una actividad municipal.<\/p>\n","protected":false},"excerpt":{"rendered":"<p>El s\u00e1bado 1 de octubre se llev\u00f3 a cabo la tercera reuni\u00f3n del Ciclo de Encuentros LGBTIQ+ Di\u00e1logos entre academia y territorios, que gir\u00f3 en torno al &#8220;Trabajo y cultura disidente&#8221;. Este Ciclo est\u00e1 organizado por el Centro de Estudios sobre Diversidad Sexual &#8211; CEDISEX y en esta oportunidad participaron [&hellip;]<\/p>\n","protected":false},"author":3,"featured_media":8348,"comment_status":"closed","ping_status":"closed","sticky":false,"template":"","format":"standard","meta":{"footnotes":""},"categories":[8,6],"tags":[],"class_list":{"0":"post-8305","1":"post","2":"type-post","3":"status-publish","4":"format-standard","5":"has-post-thumbnail","6":"hentry","7":"category-eventos-academicos","8":"category-extension","10":"post-with-thumbnail","11":"post-with-thumbnail-large"},"_links":{"self":[{"href":"https:\/\/filo.unt.edu.ar\/noticias\/wp-json\/wp\/v2\/posts\/8305","targetHints":{"allow":["GET"]}}],"collection":[{"href":"https:\/\/filo.unt.edu.ar\/noticias\/wp-json\/wp\/v2\/posts"}],"about":[{"href":"https:\/\/filo.unt.edu.ar\/noticias\/wp-json\/wp\/v2\/types\/post"}],"author":[{"embeddable":true,"href":"https:\/\/filo.unt.edu.ar\/noticias\/wp-json\/wp\/v2\/users\/3"}],"replies":[{"embeddable":true,"href":"https:\/\/filo.unt.edu.ar\/noticias\/wp-json\/wp\/v2\/comments?post=8305"}],"version-history":[{"count":3,"href":"https:\/\/filo.unt.edu.ar\/noticias\/wp-json\/wp\/v2\/posts\/8305\/revisions"}],"predecessor-version":[{"id":8350,"href":"https:\/\/filo.unt.edu.ar\/noticias\/wp-json\/wp\/v2\/posts\/8305\/revisions\/8350"}],"wp:featuredmedia":[{"embeddable":true,"href":"https:\/\/filo.unt.edu.ar\/noticias\/wp-json\/wp\/v2\/media\/8348"}],"wp:attachment":[{"href":"https:\/\/filo.unt.edu.ar\/noticias\/wp-json\/wp\/v2\/media?parent=8305"}],"wp:term":[{"taxonomy":"category","embeddable":true,"href":"https:\/\/filo.unt.edu.ar\/noticias\/wp-json\/wp\/v2\/categories?post=8305"},{"taxonomy":"post_tag","embeddable":true,"href":"https:\/\/filo.unt.edu.ar\/noticias\/wp-json\/wp\/v2\/tags?post=8305"}],"curies":[{"name":"wp","href":"https:\/\/api.w.org\/{rel}","templated":true}]}}